{"id":80152,"date":"2020-03-25T14:00:29","date_gmt":"2020-03-25T18:00:29","guid":{"rendered":"https:\/\/linitiative.ca\/International\/covid-19-55-nouveaux-cas-confirmes-au-maroc-225-au-total\/"},"modified":"2020-03-25T14:00:29","modified_gmt":"2020-03-25T18:00:29","slug":"covid-19-55-nouveaux-cas-confirmes-au-maroc-225-au-total","status":"publish","type":"post","link":"https:\/\/linitiative.ca\/International\/covid-19-55-nouveaux-cas-confirmes-au-maroc-225-au-total\/","title":{"rendered":"Covid-19: 55 nouveaux cas confirm\u00e9s au Maroc, 225 au total"},"content":{"rendered":"<div class=\"single-featured\"><img alt=\"\" data-src=\"http:\/\/www.mapoujda.ma\/map\/uploads\/2020\/03\/225-Bilan-FR-site-R&#xE9;gionaux.jpeg\"\/><\/div>\n<div class=\"entry-content clearfix single-post-content\" readability=\"41\">\n<p class=\"c5\">Cinquante-cinq nouveaux cas d\u2019infection au nouveau coronavirus (Covid-19) ont \u00e9t\u00e9 confirm\u00e9s au Maroc dans les derni\u00e8res 24 heures, portant \u00e0 225 le nombre total de cas de contamination, a indiqu\u00e9 mercredi M. Hafid Zahri, conseiller en communication du ministre de la Sant\u00e9.<\/p>\n<p class=\"c5\">Le nombre de d\u00e9c\u00e8s dus au virus s\u2019\u00e9l\u00e8ve \u00e0 six et celui des cas gu\u00e9ris \u00e0 sept, a-t-il pr\u00e9cis\u00e9 dans une d\u00e9claration retransmise par la MAP sur sa cha\u00eene M24 et RIM RADIO.<\/p>\n<\/div>\n<p>Auteur: Soufiane ELAHMAR<br \/>\n<a href=\"http:\/\/www.mapoujda.ma\/fr\/covid-19-55-nouveaux-cas-confirmes-au-maroc-225-au-total\/\">Cliquez ici pour lire l&rsquo;article depuis sa source.<\/a><\/p>\n","protected":false},"excerpt":{"rendered":"<p>Cinquante-cinq nouveaux cas d\u2019infection au nouveau coronavirus (Covid-19) ont \u00e9t\u00e9 confirm\u00e9s au Maroc dans les derni\u00e8res 24 heures, portant \u00e0 225 le nombre total de cas de contamination, a indiqu\u00e9 mercredi M. Hafid Zahri, conseiller en communication du ministre de la Sant\u00e9. Le nombre de d\u00e9c\u00e8s dus au virus s\u2019\u00e9l\u00e8ve \u00e0 six et celui des [&hellip;]<\/p>\n","protected":false},"author":1788,"featured_media":80153,"comment_status":"closed","ping_status":"closed","sticky":false,"template":"","format":"standard","meta":{"fifu_image_url":"","fifu_image_alt":"","footnotes":""},"categories":[54,76],"tags":[],"class_list":["post-80152","post","type-post","status-publish","format-standard","has-post-thumbnail","hentry","category-maroc","category-regions"],"_links":{"self":[{"href":"https:\/\/linitiative.ca\/International\/wp-json\/wp\/v2\/posts\/80152","targetHints":{"allow":["GET"]}}],"collection":[{"href":"https:\/\/linitiative.ca\/International\/wp-json\/wp\/v2\/posts"}],"about":[{"href":"https:\/\/linitiative.ca\/International\/wp-json\/wp\/v2\/types\/post"}],"author":[{"embeddable":true,"href":"https:\/\/linitiative.ca\/International\/wp-json\/wp\/v2\/users\/1788"}],"replies":[{"embeddable":true,"href":"https:\/\/linitiative.ca\/International\/wp-json\/wp\/v2\/comments?post=80152"}],"version-history":[{"count":0,"href":"https:\/\/linitiative.ca\/International\/wp-json\/wp\/v2\/posts\/80152\/revisions"}],"wp:featuredmedia":[{"embeddable":true,"href":"https:\/\/linitiative.ca\/International\/wp-json\/"}],"wp:attachment":[{"href":"https:\/\/linitiative.ca\/International\/wp-json\/wp\/v2\/media?parent=80152"}],"wp:term":[{"taxonomy":"category","embeddable":true,"href":"https:\/\/linitiative.ca\/International\/wp-json\/wp\/v2\/categories?post=80152"},{"taxonomy":"post_tag","embeddable":true,"href":"https:\/\/linitiative.ca\/International\/wp-json\/wp\/v2\/tags?post=80152"}],"curies":[{"name":"wp","href":"https:\/\/api.w.org\/{rel}","templated":true}]}}