{"id":80156,"date":"2020-03-25T09:09:35","date_gmt":"2020-03-25T13:09:35","guid":{"rendered":"https:\/\/linitiative.ca\/International\/les-medecins-du-public-appellent-au-volontariat\/"},"modified":"2020-03-25T09:09:35","modified_gmt":"2020-03-25T13:09:35","slug":"les-medecins-du-public-appellent-au-volontariat","status":"publish","type":"post","link":"https:\/\/linitiative.ca\/International\/les-medecins-du-public-appellent-au-volontariat\/","title":{"rendered":"Les m\u00e9decins du public appellent au volontariat"},"content":{"rendered":"<div class=\"body\">\n<div class=\"field field-name-body field-type-text-with-summary field-label-hidden\">\n<div class=\"field-items\" readability=\"7.5\">\n<div class=\"field-item even\" property=\"content:encoded\" readability=\"10\">\n<p class=\"rtejustify\">L\u2019Ordre national des m\u00e9decins appelle les conseils r\u00e9gionaux \u00e0 cr\u00e9er d\u2019urgence\u00a0 des comit\u00e9s locaux et \u00e0 proc\u00e9der au recensement des professionnels de la sant\u00e9 selon leur sp\u00e9cialit\u00e9 et leurs infrastructures. Les conseils r\u00e9gionaux sont \u00e9galement appel\u00e9s \u00e0 ouvrir les listes de m\u00e9decins volontaires. L\u2019objectif \u00e9tant de mobiliser le maximum de praticiens.<\/p>\n<p class=\"rtejustify\"><em>H.E.<\/em><\/p>\n<p class=\"rtejustify\">\u00a0<\/p>\n<\/div>\n<\/div>\n<\/div>\n<\/div>\n<div class=\"eco-conseil\">\n<div class=\"view view-eco-conseil-16 view-id-eco_conseil_16 view-display-id-cookies view-dom-id-c6bbdf45f97f1a39ec53d38351f56597\">\n<div class=\"view-content\">\n<div id=\"views-bootstrap-grid-1\" class=\"views-bootstrap-grid-plugin-style\">\n<div class=\"row\">\n<div class=\" col-xs-12 col-lg-4\">\n<div class=\"row\">\n<div class=\"col col-xs-12 col-lg-12\">\n<div class=\"field-content\"><a href=\"\/article\/1059371-taux-de-bancarisation-de-67-29\"><img loading=\"lazy\" decoding=\"async\" class=\"img-responsive\" typeof=\"foaf:Image\" src=\"https:\/\/www.leconomiste.com\/sites\/default\/files\/eco7\/public\/styles\/800x400\/public\/default_images\/default_une.jpg?itok=4jZlgnIZ\" width=\"660\" height=\"330\" alt=\"\"\/><\/a><\/div>\n<\/div>\n<div class=\" title_suite_2 col col-xs-12 col-lg-12\"> <a href=\"\/article\/1059371-taux-de-bancarisation-de-67-29\"\/><span class=\"field-content\">Taux de bancarisation: De 67 \u00e0 29%!<\/span><\/div>\n<\/div>\n<\/div>\n<div class=\" col-xs-12 col-lg-4\">\n<div class=\"row\">\n<div class=\"col col-xs-12 col-lg-12\">\n<div class=\"field-content\"><a href=\"\/article\/1059370-un-centre-d-ecoute-psychologique\"><img loading=\"lazy\" decoding=\"async\" class=\"img-responsive\" typeof=\"foaf:Image\" src=\"https:\/\/www.leconomiste.com\/sites\/default\/files\/eco7\/public\/styles\/800x400\/public\/default_images\/default_une.jpg?itok=4jZlgnIZ\" width=\"660\" height=\"330\" alt=\"\"\/><\/a><\/div>\n<\/div>\n<div class=\" title_suite_2 col col-xs-12 col-lg-12\"> <a href=\"\/article\/1059370-un-centre-d-ecoute-psychologique\"\/><span class=\"field-content\">Un centre d\u2019\u00e9coute psychologique<\/span><\/div>\n<\/div>\n<\/div>\n<div class=\" col-xs-12 col-lg-4\">\n<div class=\"row\">\n<div class=\"col col-xs-12 col-lg-12\">\n<div class=\"field-content\"><a href=\"\/article\/1059368-renault-offre-50-ambulances\"><img loading=\"lazy\" decoding=\"async\" class=\"img-responsive\" typeof=\"foaf:Image\" src=\"https:\/\/www.leconomiste.com\/sites\/default\/files\/eco7\/public\/styles\/800x400\/public\/default_images\/default_une.jpg?itok=4jZlgnIZ\" width=\"660\" height=\"330\" alt=\"\"\/><\/a><\/div>\n<\/div>\n<div class=\" title_suite_2 col col-xs-12 col-lg-12\"> <a href=\"\/article\/1059368-renault-offre-50-ambulances\"\/><span class=\"field-content\"> Renault offre 50 ambulances<\/span><\/div>\n<\/div>\n<\/div>\n<\/div>\n<\/div>\n<\/div>\n<\/div>\n<\/div>\n<p>Auteur: hlafriqi<br \/>\n<a href=\"https:\/\/www.leconomiste.com\/article\/1059369-les-medecins-du-public-appellent-au-volontariat\">Cliquez ici pour lire l&rsquo;article depuis sa source.<\/a><\/p>\n","protected":false},"excerpt":{"rendered":"<p>L\u2019Ordre national des m\u00e9decins appelle les conseils r\u00e9gionaux \u00e0 cr\u00e9er d\u2019urgence\u00a0 des comit\u00e9s locaux et \u00e0 proc\u00e9der au recensement des professionnels de la sant\u00e9 selon leur sp\u00e9cialit\u00e9 et leurs infrastructures. Les conseils r\u00e9gionaux sont \u00e9galement appel\u00e9s \u00e0 ouvrir les listes de m\u00e9decins volontaires. L\u2019objectif \u00e9tant de mobiliser le maximum de praticiens. H.E. \u00a0 Taux de [&hellip;]<\/p>\n","protected":false},"author":1763,"featured_media":0,"comment_status":"closed","ping_status":"closed","sticky":false,"template":"","format":"standard","meta":{"fifu_image_url":"","fifu_image_alt":"","footnotes":""},"categories":[78,54],"tags":[],"class_list":["post-80156","post","type-post","status-publish","format-standard","hentry","category-economie","category-maroc"],"_links":{"self":[{"href":"https:\/\/linitiative.ca\/International\/wp-json\/wp\/v2\/posts\/80156","targetHints":{"allow":["GET"]}}],"collection":[{"href":"https:\/\/linitiative.ca\/International\/wp-json\/wp\/v2\/posts"}],"about":[{"href":"https:\/\/linitiative.ca\/International\/wp-json\/wp\/v2\/types\/post"}],"author":[{"embeddable":true,"href":"https:\/\/linitiative.ca\/International\/wp-json\/wp\/v2\/users\/1763"}],"replies":[{"embeddable":true,"href":"https:\/\/linitiative.ca\/International\/wp-json\/wp\/v2\/comments?post=80156"}],"version-history":[{"count":0,"href":"https:\/\/linitiative.ca\/International\/wp-json\/wp\/v2\/posts\/80156\/revisions"}],"wp:attachment":[{"href":"https:\/\/linitiative.ca\/International\/wp-json\/wp\/v2\/media?parent=80156"}],"wp:term":[{"taxonomy":"category","embeddable":true,"href":"https:\/\/linitiative.ca\/International\/wp-json\/wp\/v2\/categories?post=80156"},{"taxonomy":"post_tag","embeddable":true,"href":"https:\/\/linitiative.ca\/International\/wp-json\/wp\/v2\/tags?post=80156"}],"curies":[{"name":"wp","href":"https:\/\/api.w.org\/{rel}","templated":true}]}}