{"id":80157,"date":"2020-03-25T09:11:07","date_gmt":"2020-03-25T13:11:07","guid":{"rendered":"https:\/\/linitiative.ca\/International\/un-centre-decoute-psychologique\/"},"modified":"2020-03-25T09:11:07","modified_gmt":"2020-03-25T13:11:07","slug":"un-centre-decoute-psychologique","status":"publish","type":"post","link":"https:\/\/linitiative.ca\/International\/un-centre-decoute-psychologique\/","title":{"rendered":"Un centre d\u2019\u00e9coute psychologique"},"content":{"rendered":"<div class=\"body\">\n<div class=\"field field-name-body field-type-text-with-summary field-label-hidden\">\n<div class=\"field-items\" readability=\"10.5\">\n<div class=\"field-item even\" property=\"content:encoded\" readability=\"16\">\n<p class=\"rtejustify\">L\u2019Association marocaine des psychiatres ouvre \u00e0 compter de demain mercredi 25 mars un centre d\u2019\u00e9coute t\u00e9l\u00e9phonique destin\u00e9 aux personnes impact\u00e9es par l\u2019\u00e9tat d\u2019urgence sanitaire et qui ont besoin d\u2019un soutien psychologique. Les psychiatres seront joignables du lundi au jeudi entre 14h et 16h dans plusieurs r\u00e9gions: Rabat (0639099552), Casablanca (0639099533), Tanger (0639099551), F\u00e8s (0639099549), Marrakech (0639099518), Oujda (0639099550), Souss Massa (0627699794).<\/p>\n<p><em>H.E<\/em>.<\/p>\n<\/div>\n<\/div>\n<\/div>\n<\/div>\n<div class=\"eco-conseil\">\n<div class=\"view view-eco-conseil-16 view-id-eco_conseil_16 view-display-id-cookies view-dom-id-9123ce883c710a097ad7b78123dd6262\">\n<div class=\"view-content\">\n<div id=\"views-bootstrap-grid-1\" class=\"views-bootstrap-grid-plugin-style\">\n<div class=\"row\">\n<div class=\" col-xs-12 col-lg-4\">\n<div class=\"row\">\n<div class=\"col col-xs-12 col-lg-12\">\n<div class=\"field-content\"><a href=\"\/article\/1059371-taux-de-bancarisation-de-67-29\"><img loading=\"lazy\" decoding=\"async\" class=\"img-responsive\" typeof=\"foaf:Image\" src=\"https:\/\/www.leconomiste.com\/sites\/default\/files\/eco7\/public\/styles\/800x400\/public\/default_images\/default_une.jpg?itok=4jZlgnIZ\" width=\"660\" height=\"330\" alt=\"\"\/><\/a><\/div>\n<\/div>\n<div class=\" title_suite_2 col col-xs-12 col-lg-12\"> <a href=\"\/article\/1059371-taux-de-bancarisation-de-67-29\"\/><span class=\"field-content\">Taux de bancarisation: De 67 \u00e0 29%!<\/span><\/div>\n<\/div>\n<\/div>\n<div class=\" col-xs-12 col-lg-4\">\n<div class=\"row\">\n<div class=\"col col-xs-12 col-lg-12\">\n<div class=\"field-content\"><a href=\"\/article\/1059369-les-medecins-du-public-appellent-au-volontariat\"><img loading=\"lazy\" decoding=\"async\" class=\"img-responsive\" typeof=\"foaf:Image\" src=\"https:\/\/www.leconomiste.com\/sites\/default\/files\/eco7\/public\/styles\/800x400\/public\/default_images\/default_une.jpg?itok=4jZlgnIZ\" width=\"660\" height=\"330\" alt=\"\"\/><\/a><\/div>\n<\/div>\n<div class=\" title_suite_2 col col-xs-12 col-lg-12\"> <a href=\"\/article\/1059369-les-medecins-du-public-appellent-au-volontariat\"\/><span class=\"field-content\">Les m\u00e9decins du public appellent au volontariat<\/span><\/div>\n<\/div>\n<\/div>\n<div class=\" col-xs-12 col-lg-4\">\n<div class=\"row\">\n<div class=\"col col-xs-12 col-lg-12\">\n<div class=\"field-content\"><a href=\"\/article\/1059368-renault-offre-50-ambulances\"><img loading=\"lazy\" decoding=\"async\" class=\"img-responsive\" typeof=\"foaf:Image\" src=\"https:\/\/www.leconomiste.com\/sites\/default\/files\/eco7\/public\/styles\/800x400\/public\/default_images\/default_une.jpg?itok=4jZlgnIZ\" width=\"660\" height=\"330\" alt=\"\"\/><\/a><\/div>\n<\/div>\n<div class=\" title_suite_2 col col-xs-12 col-lg-12\"> <a href=\"\/article\/1059368-renault-offre-50-ambulances\"\/><span class=\"field-content\"> Renault offre 50 ambulances<\/span><\/div>\n<\/div>\n<\/div>\n<\/div>\n<\/div>\n<\/div>\n<\/div>\n<\/div>\n<p>Auteur: hlafriqi<br \/>\n<a href=\"https:\/\/www.leconomiste.com\/article\/1059370-un-centre-d-ecoute-psychologique\">Cliquez ici pour lire l&rsquo;article depuis sa source.<\/a><\/p>\n","protected":false},"excerpt":{"rendered":"<p>L\u2019Association marocaine des psychiatres ouvre \u00e0 compter de demain mercredi 25 mars un centre d\u2019\u00e9coute t\u00e9l\u00e9phonique destin\u00e9 aux personnes impact\u00e9es par l\u2019\u00e9tat d\u2019urgence sanitaire et qui ont besoin d\u2019un soutien psychologique. Les psychiatres seront joignables du lundi au jeudi entre 14h et 16h dans plusieurs r\u00e9gions: Rabat (0639099552), Casablanca (0639099533), Tanger (0639099551), F\u00e8s (0639099549), Marrakech [&hellip;]<\/p>\n","protected":false},"author":1763,"featured_media":0,"comment_status":"closed","ping_status":"closed","sticky":false,"template":"","format":"standard","meta":{"fifu_image_url":"","fifu_image_alt":"","footnotes":""},"categories":[78,54],"tags":[],"class_list":["post-80157","post","type-post","status-publish","format-standard","hentry","category-economie","category-maroc"],"_links":{"self":[{"href":"https:\/\/linitiative.ca\/International\/wp-json\/wp\/v2\/posts\/80157","targetHints":{"allow":["GET"]}}],"collection":[{"href":"https:\/\/linitiative.ca\/International\/wp-json\/wp\/v2\/posts"}],"about":[{"href":"https:\/\/linitiative.ca\/International\/wp-json\/wp\/v2\/types\/post"}],"author":[{"embeddable":true,"href":"https:\/\/linitiative.ca\/International\/wp-json\/wp\/v2\/users\/1763"}],"replies":[{"embeddable":true,"href":"https:\/\/linitiative.ca\/International\/wp-json\/wp\/v2\/comments?post=80157"}],"version-history":[{"count":0,"href":"https:\/\/linitiative.ca\/International\/wp-json\/wp\/v2\/posts\/80157\/revisions"}],"wp:attachment":[{"href":"https:\/\/linitiative.ca\/International\/wp-json\/wp\/v2\/media?parent=80157"}],"wp:term":[{"taxonomy":"category","embeddable":true,"href":"https:\/\/linitiative.ca\/International\/wp-json\/wp\/v2\/categories?post=80157"},{"taxonomy":"post_tag","embeddable":true,"href":"https:\/\/linitiative.ca\/International\/wp-json\/wp\/v2\/tags?post=80157"}],"curies":[{"name":"wp","href":"https:\/\/api.w.org\/{rel}","templated":true}]}}