{"id":80159,"date":"2020-03-24T13:36:57","date_gmt":"2020-03-24T17:36:57","guid":{"rendered":"https:\/\/linitiative.ca\/International\/ca-bouillonne-fort-dans-lhemicycle\/"},"modified":"2020-03-24T13:36:57","modified_gmt":"2020-03-24T17:36:57","slug":"ca-bouillonne-fort-dans-lhemicycle","status":"publish","type":"post","link":"https:\/\/linitiative.ca\/International\/ca-bouillonne-fort-dans-lhemicycle\/","title":{"rendered":"\u00c7a bouillonne fort dans l\u2019H\u00e9micycle"},"content":{"rendered":"<p>\u2022Le bloc d\u00e9mocratique, Ennahdha et Qalb Toun\u00e8s loin d\u2019\u00eatre sur la m\u00eame longueur d\u2019ondes<\/p>\n<div readability=\"153\">\n<p><strong><em>LE TEMPS &#8211; Apr\u00e8s le sursis qui a \u00e9t\u00e9 accord\u00e9 au peuple tunisien, gr\u00e2ce \u00e0 cette crise du Covid-19, voil\u00e0 que note illustre assembl\u00e9e nationale nous rappelle \u00e0 son bon souvenir, avec, comme d\u2019habitude, des frasques, des divergences d\u2019appr\u00e9ciation et des batailles rang\u00e9es entre partis politiques. Le mouvement Ennahdha, surtout, a sem\u00e9 le hol\u00e0, lorsque le pr\u00e9sident du gouvernement Ely\u00e8s Fakhfakh a parl\u00e9 de l\u2019activation de l\u2019article 70 de la Constitution qui va r\u00e9duire la marge de man\u0153uvre du pr\u00e9sident du mouvement islamiste, Rached Ghannouchi<\/em><\/strong><\/p>\n<p>Les avis des parlementaires ont diverg\u00e9 concernant la volont\u00e9 de l&rsquo;ex\u00e9cutif de recourir \u00e0 l&rsquo;article 70 de la Constitution pour h\u00e2ter et faciliter l&rsquo;application des mesures gouvernementales exceptionnelles visant \u00e0 lutter contre la pand\u00e9mie du Covid-19.<\/p>\n<p>Le chef du gouvernement, Ely\u00e8s Fakhfakh, avait annonc\u00e9 lors de son adresse aux Tunisiens samedi dernier, son intention de demander au pouvoir l\u00e9gislatif, des pr\u00e9rogatives lui permettant de promulguer des d\u00e9crets et des lois pour faire face aux r\u00e9percussions \u00e9conomique et financi\u00e8re de la propagation du virus.<\/p>\n<p>Le mouvement Ennahdha fulmine et montre les dents en estimant qu&rsquo;il y a une incoh\u00e9rence \u00e0 recourir simultan\u00e9ment aux articles 70 et 80 de la Constitution, surtout au regard du d\u00e9cret \u00e9mis par le pr\u00e9sident de la R\u00e9publique relatif \u00e0 l&rsquo;interdiction de la circulation et les rassemblements de plus de 3 personnes dans les voies et places publiques.<\/p>\n<p>\u00ab\u00a0Le pr\u00e9sident de la R\u00e9publique s&rsquo;est appuy\u00e9, dans les mesures qu&rsquo;il a d\u00e9cr\u00e9t\u00e9es, sur l&rsquo;article 80, lequel, oblige l&rsquo;institution l\u00e9gislative \u00e0 rester en \u00e9tat de r\u00e9union permanente, alors que l&rsquo;article 70, du moment qu&rsquo;il stipule la d\u00e9l\u00e9gation du pouvoir au chef du gouvernement, contraint le parlement \u00e0 suspendre sa mission pour une p\u00e9riode n&rsquo;exc\u00e9dant pas les deux mois \u00a0\u00bb a relev\u00e9 le d\u00e9put\u00e9 et porte-parole d&rsquo;Ennahdha, Imed Kh\u00e9miri.<\/p>\n<p>Kh\u00e9miri a fait savoir que le parlement n&rsquo;a pas re\u00e7u jusqu&rsquo;\u00e0 ce jour une demande officielle claire de la part du chef du gouvernement \u00e0 ce sujet comme le pr\u00e9voie le texte de la Constitution.<\/p>\n<p>\u00ab\u00a0Le bureau de l&rsquo;ARP examinera cette question et prendra position vis-\u00e0-vis des probl\u00e8mes auxquels fait face le pays de mani\u00e8re g\u00e9n\u00e9rale\u00a0\u00bb, a indiqu\u00e9 Imed Kh\u00e9miri, assurant que l&rsquo;institution l\u00e9gislative continuera \u00e0 assurer son r\u00f4le et ses devoirs l\u00e9gislatifs relatifs aux efforts consentis pour lutter contre le Covid-19.<\/p>\n<p>Le bloc d\u00e9mocratique, pour sa part, ne voit aucun inconv\u00e9nient pour d\u00e9l\u00e9guer \u00e0 Ely\u00e8s Fakhfakh la pr\u00e9rogative de promulguer des d\u00e9crets pour faire face \u00e0 une situation exceptionnelle et g\u00e9rer la crise sanitaire avec l&rsquo;efficacit\u00e9 et la rapidit\u00e9 escompt\u00e9es, le groupe parlementaire \u00ab\u00a0Qalb Toun\u00e8s\u00a0\u00bb exige du chef du gouvernement de donner plus d&rsquo;\u00e9claircissements sur ladite pr\u00e9rogative et d&rsquo;adresser une demande officielle \u00e0 l&rsquo;Assembl\u00e9e des Repr\u00e9sentants du Peuple \u00e0 cet effet.<\/p>\n<p>Concernant l&rsquo;activation de l&rsquo;article 70 de la Constitution, le d\u00e9put\u00e9 du Courant d\u00e9mocrate et pr\u00e9sident du bloc d\u00e9mocratique, Hichem Ajbouni, a indiqu\u00e9 que le bloc, avec ses composantes politiques, n&rsquo;a pas d&rsquo;objection \u00e0 d\u00e9l\u00e9guer au chef du gouvernement le pouvoir de prendre des d\u00e9crets lois pour une p\u00e9riode de deux mois.<\/p>\n<p>\u00ab\u00a0La d\u00e9l\u00e9gation du pouvoir n&rsquo;est pas un putsch, mais elle est bien cit\u00e9 dans le texte de la Constitution en cas de p\u00e9ril imminent. L&rsquo;activation de l&rsquo;article 70 et la d\u00e9l\u00e9gation du pouvoir par le parlement au chef du gouvernement pour une p\u00e9riode de deux mois s&rsquo;inscrit dans le cadre de la lutte contre la pand\u00e9mie du Covid-19 et permettra plus d&rsquo;efficacit\u00e9 et de rapidit\u00e9 dans la prise de d\u00e9cisions \u00ab\u00a0, a estim\u00e9 Ajbouni.<\/p>\n<p>De son c\u00f4t\u00e9, le pr\u00e9sident du bloc \u00ab\u00a0Qalb Toun\u00e8s\u00a0\u00bb, Oussama Kh\u00e9lifi, a assur\u00e9 que les d\u00e9put\u00e9s de son groupe seront aux premi\u00e8res lignes avec le gouvernement et le peuple pour lutter contre la crise provoqu\u00e9e par la pand\u00e9mie, soulignant toutefois qu&rsquo;ils attendent d&rsquo;Ely\u00e8s Fakhfakh plus d&rsquo;\u00e9claircissements au sujet de la d\u00e9l\u00e9gation du pouvoir.<\/p>\n<p>A cet effet, le bloc de \u00ab\u00a0Qalb Toun\u00e8s\u00a0\u00bb exige, \u00e9galement, du chef du gouvernement d&rsquo;adresser une demande officielle au Parlement concernant l&rsquo;activation de l&rsquo;article 70 de la Constitution pour interagir avec les motifs de cette demande.<\/p>\n<p>\u00ab\u00a0Les d\u00e9put\u00e9s de Qalb Toun\u00e8s s&rsquo;attachent au principe du travail collectif et \u00e0 la pr\u00e9servation des institutions de l&rsquo;Etat et de la d\u00e9mocratie\u00a0\u00bb, a-t-il d\u00e9clar\u00e9. Et d&rsquo;ajouter que \u00ab\u00a0le Covid-19 ne doit pas avoir raison de la soci\u00e9t\u00e9 et de l&rsquo;Etat\u00a0\u00bb.<\/p>\n<p>L&rsquo;article 70 de la Constitution dans son paragraphe 2, stipule que l&rsquo;Assembl\u00e9e des repr\u00e9sentants du peuple peut, \u00e0 la majorit\u00e9 des trois cinqui\u00e8mes de ses membres, en vertu d&rsquo;une loi et pour un motif d\u00e9termin\u00e9, d\u00e9l\u00e9guer au chef du gouvernement, pour une dur\u00e9e d\u00e9termin\u00e9e qui ne d\u00e9passe pas les deux mois, le pouvoir de prendre des d\u00e9crets lois dans le domaine de la loi, lesquels seront soumis \u00e0 l&rsquo;approbation de l&rsquo;Assembl\u00e9e \u00e0 la fin de la p\u00e9riode en question.<\/p>\n<p>Quant \u00e0 l&rsquo;article 80 de la Constitution il stipule qu&rsquo; \u00ab\u00a0en cas de p\u00e9ril imminent mena\u00e7ant les institutions de la nation et la s\u00e9curit\u00e9 et l&rsquo;ind\u00e9pendance du pays et entravant le fonctionnement r\u00e9gulier des pouvoirs publics, le pr\u00e9sident de la R\u00e9publique peut prendre les mesures n\u00e9cessit\u00e9es par cette situation exceptionnelle, apr\u00e8s consultation du chef du gouvernement et du pr\u00e9sident de l&rsquo;Assembl\u00e9e des repr\u00e9sentants du peuple et apr\u00e8s en avoir inform\u00e9 le pr\u00e9sident de la Cour constitutionnelle. Il annonce les mesures dans une d\u00e9claration au peuple. Durant toute cette p\u00e9riode, l&rsquo;Assembl\u00e9e des repr\u00e9sentants du peuple est consid\u00e9r\u00e9e en \u00e9tat de r\u00e9union permanente\u00a0\u00bb.<\/p>\n<\/div>\n<p>Auteur: letemps1<br \/>\n<a href=\"http:\/\/www.letemps.com.tn\/article\/112116\/%C3%A7a-bouillonne-fort-dans-l%E2%80%99h%C3%A9micycle\">Cliquez ici pour lire l&rsquo;article depuis sa source.<\/a><\/p>\n","protected":false},"excerpt":{"rendered":"<p>\u2022Le bloc d\u00e9mocratique, Ennahdha et Qalb Toun\u00e8s loin d\u2019\u00eatre sur la m\u00eame longueur d\u2019ondes LE TEMPS &#8211; Apr\u00e8s le sursis qui a \u00e9t\u00e9 accord\u00e9 au peuple tunisien, gr\u00e2ce \u00e0 cette crise du Covid-19, voil\u00e0 que note illustre assembl\u00e9e nationale nous rappelle \u00e0 son bon souvenir, avec, comme d\u2019habitude, des frasques, des divergences d\u2019appr\u00e9ciation et des [&hellip;]<\/p>\n","protected":false},"author":1773,"featured_media":0,"comment_status":"closed","ping_status":"closed","sticky":false,"template":"","format":"standard","meta":{"fifu_image_url":"","fifu_image_alt":"","footnotes":""},"categories":[73,55],"tags":[],"class_list":["post-80159","post","type-post","status-publish","format-standard","hentry","category-actualite","category-tunisie"],"_links":{"self":[{"href":"https:\/\/linitiative.ca\/International\/wp-json\/wp\/v2\/posts\/80159","targetHints":{"allow":["GET"]}}],"collection":[{"href":"https:\/\/linitiative.ca\/International\/wp-json\/wp\/v2\/posts"}],"about":[{"href":"https:\/\/linitiative.ca\/International\/wp-json\/wp\/v2\/types\/post"}],"author":[{"embeddable":true,"href":"https:\/\/linitiative.ca\/International\/wp-json\/wp\/v2\/users\/1773"}],"replies":[{"embeddable":true,"href":"https:\/\/linitiative.ca\/International\/wp-json\/wp\/v2\/comments?post=80159"}],"version-history":[{"count":0,"href":"https:\/\/linitiative.ca\/International\/wp-json\/wp\/v2\/posts\/80159\/revisions"}],"wp:attachment":[{"href":"https:\/\/linitiative.ca\/International\/wp-json\/wp\/v2\/media?parent=80159"}],"wp:term":[{"taxonomy":"category","embeddable":true,"href":"https:\/\/linitiative.ca\/International\/wp-json\/wp\/v2\/categories?post=80159"},{"taxonomy":"post_tag","embeddable":true,"href":"https:\/\/linitiative.ca\/International\/wp-json\/wp\/v2\/tags?post=80159"}],"curies":[{"name":"wp","href":"https:\/\/api.w.org\/{rel}","templated":true}]}}