{"id":80161,"date":"2020-03-24T13:54:22","date_gmt":"2020-03-24T17:54:22","guid":{"rendered":"https:\/\/linitiative.ca\/International\/contrats-arrives-a-terme-prolonges-jusquau-11-avril\/"},"modified":"2020-03-24T13:54:22","modified_gmt":"2020-03-24T17:54:22","slug":"contrats-arrives-a-terme-prolonges-jusquau-11-avril","status":"publish","type":"post","link":"https:\/\/linitiative.ca\/International\/contrats-arrives-a-terme-prolonges-jusquau-11-avril\/","title":{"rendered":"Contrats arriv\u00e9s \u00e0 terme prolong\u00e9s jusqu\u2019au 11 avril"},"content":{"rendered":"<p>La F\u00e9d\u00e9ration tunisienne des soci\u00e9t\u00e9s d&rsquo;assurances (FTUSA) a d\u00e9cid\u00e9 de prolonger la validit\u00e9 des contrats d&rsquo;assurances automobiles qui arrivent \u00e0 terme, jusqu&rsquo;au 11 avril 2020, soit de 7 jours apr\u00e8s la fin du confinement sanitaire g\u00e9n\u00e9ral d\u00e9clar\u00e9 par les autorit\u00e9s officielles.<\/p>\n<p>Dans un communiqu\u00e9 publi\u00e9, lundi, la f\u00e9d\u00e9ration a appel\u00e9 les services du minist\u00e8re de l&rsquo;Int\u00e9rieur \u00e0 donner les instructions n\u00e9cessaires \u00e0 ses diff\u00e9rents services afin d&rsquo;assurer la bonne application de cette proc\u00e9dure li\u00e9e \u00e0 la prorogation de la validit\u00e9 des contrats d&rsquo;assurances.<\/p>\n<p>Pour les autres contrats et services, la FTUSA a appel\u00e9 les assur\u00e9s \u00e0 contacter les services centraux des soci\u00e9t\u00e9s d&rsquo;assurances ou leurs agences pour obtenir les informations n\u00e9cessaires; et ce via les moyens de communication \u00e0 distance (t\u00e9l\u00e9phone, web, courrier \u00e9lectronique, r\u00e9seaux sociaux, &#8230;).<\/p>\n<p>La FTUSA a exprim\u00e9, en outre, son engagement \u00e0 se conformer appliquer les r\u00e8gles de la quarantaine publique tout en assurant le service minimum, pour la p\u00e9riode allant du lundi, 23 mars 2020 jusqu&rsquo;au 4 avril 2020, pr\u00e9cisant que ces d\u00e9cisions ont \u00e9t\u00e9 prises dans le cadre de la pr\u00e9vention de Covid-19 et la pr\u00e9servation des int\u00e9r\u00eats des assur\u00e9s durant ce contexte exceptionnel que connait la Tunisie.<\/p>\n<p>Auteur: letemps1<br \/>\n<a href=\"http:\/\/www.letemps.com.tn\/article\/112118\/contrats-arriv%C3%A9s-%C3%A0-terme-prolong%C3%A9s-jusqu%E2%80%99au-11-avril\">Cliquez ici pour lire l&rsquo;article depuis sa source.<\/a><\/p>\n","protected":false},"excerpt":{"rendered":"<p>La F\u00e9d\u00e9ration tunisienne des soci\u00e9t\u00e9s d&rsquo;assurances (FTUSA) a d\u00e9cid\u00e9 de prolonger la validit\u00e9 des contrats d&rsquo;assurances automobiles qui arrivent \u00e0 terme, jusqu&rsquo;au 11 avril 2020, soit de 7 jours apr\u00e8s la fin du confinement sanitaire g\u00e9n\u00e9ral d\u00e9clar\u00e9 par les autorit\u00e9s officielles. Dans un communiqu\u00e9 publi\u00e9, lundi, la f\u00e9d\u00e9ration a appel\u00e9 les services du minist\u00e8re de [&hellip;]<\/p>\n","protected":false},"author":1773,"featured_media":0,"comment_status":"closed","ping_status":"closed","sticky":false,"template":"","format":"standard","meta":{"fifu_image_url":"","fifu_image_alt":"","footnotes":""},"categories":[73,55],"tags":[],"class_list":["post-80161","post","type-post","status-publish","format-standard","hentry","category-actualite","category-tunisie"],"_links":{"self":[{"href":"https:\/\/linitiative.ca\/International\/wp-json\/wp\/v2\/posts\/80161","targetHints":{"allow":["GET"]}}],"collection":[{"href":"https:\/\/linitiative.ca\/International\/wp-json\/wp\/v2\/posts"}],"about":[{"href":"https:\/\/linitiative.ca\/International\/wp-json\/wp\/v2\/types\/post"}],"author":[{"embeddable":true,"href":"https:\/\/linitiative.ca\/International\/wp-json\/wp\/v2\/users\/1773"}],"replies":[{"embeddable":true,"href":"https:\/\/linitiative.ca\/International\/wp-json\/wp\/v2\/comments?post=80161"}],"version-history":[{"count":0,"href":"https:\/\/linitiative.ca\/International\/wp-json\/wp\/v2\/posts\/80161\/revisions"}],"wp:attachment":[{"href":"https:\/\/linitiative.ca\/International\/wp-json\/wp\/v2\/media?parent=80161"}],"wp:term":[{"taxonomy":"category","embeddable":true,"href":"https:\/\/linitiative.ca\/International\/wp-json\/wp\/v2\/categories?post=80161"},{"taxonomy":"post_tag","embeddable":true,"href":"https:\/\/linitiative.ca\/International\/wp-json\/wp\/v2\/tags?post=80161"}],"curies":[{"name":"wp","href":"https:\/\/api.w.org\/{rel}","templated":true}]}}