{"id":80162,"date":"2020-03-25T05:06:00","date_gmt":"2020-03-25T09:06:00","guid":{"rendered":"https:\/\/linitiative.ca\/International\/ya-pas-photo\/"},"modified":"2020-03-25T05:06:00","modified_gmt":"2020-03-25T09:06:00","slug":"ya-pas-photo","status":"publish","type":"post","link":"https:\/\/linitiative.ca\/International\/ya-pas-photo\/","title":{"rendered":"Ya pas photo!"},"content":{"rendered":"<p>A Ben Guerdane, lorsqu\u2019il y a eu invasion des \u00ab barbares \u00bb, qui projetaient d\u2019\u00e9tablir leur \u00abcalifat\u00bb en Tunisie, l\u2019image qui reste, et qui donne encore \u00e0 sourire, c\u2019est celle des citoyens-lambda qui courent derri\u00e8re les terroristes, afin d\u2019aider les soldats et s\u00e9curitaires en place, \u00e0 localiser leurs emplacements. La logique voulait, \u00e9videmment, que tous les habitants se clo\u00eetrent dans leurs maisons, pour fuir les terroristes. Le monde entier a pu mesurer ce jour-l\u00e0, \u00e0 quel point cette exception tunisienne dont il a \u00e9t\u00e9 question \u00e0 diverses occasions, pouvait se v\u00e9rifier sur le terrain, et qu\u2019il y avait, effectivement, dans ce cas de figure, mani\u00e8re \u00e0 \u00eatre tr\u00e8s fier.<\/p>\n<p>Sauf qu\u2019aujourd\u2019hui, face \u00e0 la pand\u00e9mie, nous sommes dans une autre logique. Aux antipodes. Qui ne supporte pas les faux h\u00e9ro\u00efsmes, sachant que ces derniers peuvent \u00eatre autrement meurtriers. Car, lorsqu\u2019il y a lieu de d\u00e9cider qu\u2019un confinement g\u00e9n\u00e9ral, est plus que n\u00e9cessaire, si l\u2019on veut r\u00e9ellement endiguer tout risque de propagation du virus, il convient de ne pas prendre cette mesure \u00e0 la l\u00e9g\u00e8re. Et outrepasser les recommandations de prudence, comme l\u2019on a pu en faire ais\u00e9ment le constat, il y a deux jours, dans les rues de nos villes, o\u00f9 les gens continuent de s\u2019attrouper, inutilement, et surtout, imprudemment, autour de certains commerces, et parfois, juste pour converser en groupe, sans comprendre qu\u2019il y a, suspendue au-dessus de leurs t\u00eates, une \u00e9p\u00e9e de Damocl\u00e8s, laquelle, lorsqu\u2019elle s\u2019abat, ne fait pas dans le d\u00e9tail. Ce qui est un doux euph\u00e9misme !<\/p>\n<p>Le coronavirus n\u2019est pas le terrorisme. M\u00eame si le terrorisme est, par contre, indubitablement, une autre forme de coronavirus, \u00e0 qui l\u2019on peut cependant, pr\u00eater un visage. Facilitant ainsi la t\u00e2che \u00e0 tous ceux qui auront \u00e0 le combattre, lorsqu\u2019ils auront pu le cerner. Et en d\u00e9finir les traits. Parce que le Covid-19 est un ennemi invisible, qui \u00e9volue en silence, il incombe de ne pas prendre \u00e0 la l\u00e9g\u00e8re, toute mesure, visant \u00e0 s\u2019en prot\u00e9ger.<\/p>\n<p>Et, pour l\u2019heure, en attendant un d\u00e9pistage \u00e0 plus large \u00e9chelle, pour s\u2019en pr\u00e9munir, il faut accepter l\u2019id\u00e9e que le confinement, n\u2019est pas une mesure r\u00e9pressive, ou une sanction, dont l\u2019objectif serait de mettre en danger, la libre-circulation des individus, et leur libert\u00e9, tout court. Mais bien, comme un r\u00e9flexe de survie, qu\u2019il faut savoir adopter, sans rechigner, en attendant que passent les nuages.<\/p>\n<p>Car ils passeront les nuages, il faut s\u2019en persuader, si seulement l\u2019on s\u2019astreignait \u00e0 y mettre toute la bonne volont\u00e9 du monde, afin de ne pas mettre en p\u00e9ril, la vie des \u00eatres chers, la sienne de vie aussi, et la vie d\u2019autrui. Parce qu\u2019il faut savoir \u00eatre responsable, et regarder bien plus loin que le bout de son nez. C\u2019est parfois difficile, mais l\u2019enjeu, ici en l\u2019occurrence, en vaut largement la chandelle. Une vie n\u2019a pas de prix\u2026<\/p>\n<p class=\"c2\"><strong>Samia HARRAR<\/strong><\/p>\n<p>Auteur: letemps1<br \/>\n<a href=\"http:\/\/www.letemps.com.tn\/article\/112120\/ya-pas-photo\">Cliquez ici pour lire l&rsquo;article depuis sa source.<\/a><\/p>\n","protected":false},"excerpt":{"rendered":"<p>A Ben Guerdane, lorsqu\u2019il y a eu invasion des \u00ab barbares \u00bb, qui projetaient d\u2019\u00e9tablir leur \u00abcalifat\u00bb en Tunisie, l\u2019image qui reste, et qui donne encore \u00e0 sourire, c\u2019est celle des citoyens-lambda qui courent derri\u00e8re les terroristes, afin d\u2019aider les soldats et s\u00e9curitaires en place, \u00e0 localiser leurs emplacements. La logique voulait, \u00e9videmment, que tous [&hellip;]<\/p>\n","protected":false},"author":1773,"featured_media":0,"comment_status":"closed","ping_status":"closed","sticky":false,"template":"","format":"standard","meta":{"fifu_image_url":"","fifu_image_alt":"","footnotes":""},"categories":[73,55],"tags":[],"class_list":["post-80162","post","type-post","status-publish","format-standard","hentry","category-actualite","category-tunisie"],"_links":{"self":[{"href":"https:\/\/linitiative.ca\/International\/wp-json\/wp\/v2\/posts\/80162","targetHints":{"allow":["GET"]}}],"collection":[{"href":"https:\/\/linitiative.ca\/International\/wp-json\/wp\/v2\/posts"}],"about":[{"href":"https:\/\/linitiative.ca\/International\/wp-json\/wp\/v2\/types\/post"}],"author":[{"embeddable":true,"href":"https:\/\/linitiative.ca\/International\/wp-json\/wp\/v2\/users\/1773"}],"replies":[{"embeddable":true,"href":"https:\/\/linitiative.ca\/International\/wp-json\/wp\/v2\/comments?post=80162"}],"version-history":[{"count":0,"href":"https:\/\/linitiative.ca\/International\/wp-json\/wp\/v2\/posts\/80162\/revisions"}],"wp:attachment":[{"href":"https:\/\/linitiative.ca\/International\/wp-json\/wp\/v2\/media?parent=80162"}],"wp:term":[{"taxonomy":"category","embeddable":true,"href":"https:\/\/linitiative.ca\/International\/wp-json\/wp\/v2\/categories?post=80162"},{"taxonomy":"post_tag","embeddable":true,"href":"https:\/\/linitiative.ca\/International\/wp-json\/wp\/v2\/tags?post=80162"}],"curies":[{"name":"wp","href":"https:\/\/api.w.org\/{rel}","templated":true}]}}