{"id":80163,"date":"2020-03-25T05:58:00","date_gmt":"2020-03-25T09:58:00","guid":{"rendered":"https:\/\/linitiative.ca\/International\/les-militaires-deployes-dans-les-rues\/"},"modified":"2020-03-25T05:58:00","modified_gmt":"2020-03-25T09:58:00","slug":"les-militaires-deployes-dans-les-rues","status":"publish","type":"post","link":"https:\/\/linitiative.ca\/International\/les-militaires-deployes-dans-les-rues\/","title":{"rendered":"Les militaires d\u00e9ploy\u00e9s dans les rues"},"content":{"rendered":"<p>Les t\u00eates dures pullulent, toujours, et risquent d\u2019\u00eatre de mauvais exemples, alors que la majorit\u00e9 des citoyens commence \u00e0 s\u2019adapter aux r\u00e8gles de confinement et de protection contre le Covid-19.<\/p>\n<p>Ainsi, malgr\u00e9 les multiples appels, certains \u00e9nergum\u00e8nes inconscient poursuivent les rassemblements et les infractions \u00e0 la r\u00e8glementation en vigueur, depuis samedi, ce qui a accul\u00e9 le pr\u00e9sident de la R\u00e9publique d\u2019appeler l\u2019arm\u00e9e en renfort, afin de dissuader cette cat\u00e9gorie d\u2019insouciants qui mettent leur vie et celles des autres en danger, simplement, parce que la contamination n\u2019alerte pas, avant que le mal soit fait.<\/p>\n<p>Le pr\u00e9sident de la R\u00e9publique, Ka\u00efs Sa\u00efed, a ordonn\u00e9 le d\u00e9ploiement d&rsquo;un plus grand nombre de militaires pour emp\u00eacher les d\u00e9passements relatifs au confinement total.<\/p>\n<p>Un plus grand nombre de forces militaires sera d\u00e9ploy\u00e9 \u00e0 travers tout le territoire sur ordre du pr\u00e9sident de la R\u00e9publique, Ka\u00efs Sa\u00efed, chef supr\u00eame des forces arm\u00e9es.<\/p>\n<p>Selon un communiqu\u00e9 de la pr\u00e9sidence de la R\u00e9publique, cette d\u00e9cision vise \u00e0 maintenir l&rsquo;ordre et pr\u00e9venir tous les d\u00e9passements. Elle vise, aussi, \u00e0 inciter les Tunisiens \u00e0 rester chez eux et respecter les mesures prises pour \u00e9viter les rassemblements et les d\u00e9placements injustifi\u00e9s.<\/p>\n<p><strong>Une exception<\/strong><\/p>\n<p>Le ministre de l&rsquo;Int\u00e9rieur, Hichem M\u00e9chichi a appel\u00e9, pour sa part, tous les citoyens \u00e0 \u00ab\u00a0respecter les mesures prises par l&rsquo;Etat\u00a0\u00bb afin de les prot\u00e9ger du Covid-19 qui a caus\u00e9 jusqu&rsquo;au 22 mars, 3 d\u00e9c\u00e8s et 89 cas confirm\u00e9s.<\/p>\n<p>Au cours d&rsquo;une conf\u00e9rence de presse tenue, lundi, au si\u00e8ge de son d\u00e9partement, a Tunis, M\u00e9chichi a d\u00e9clar\u00e9 que \u00ab\u00a0les forces de s\u00e9curit\u00e9 n&rsquo;h\u00e9siteront pas \u00e0 appliquer strictement la loi et avec rigueur contre toute personne qui enfreint les mesures pr\u00e9ventives\u00a0\u00bb. Il a ajout\u00e9 que ces mesures ont pris un rythme ascendant afin de limiter les d\u00e9placements des citoyens au cours de la journ\u00e9e et assurer le respect du couvre-feu nocturne, hormis les cas exceptionnels et urgents.<\/p>\n<p>Le ministre a \u00e9galement rappel\u00e9 la fermeture, depuis la fin de la semaine derni\u00e8re, des commerces qui ne sont pas de premi\u00e8re n\u00e9cessit\u00e9. Les mesures annonc\u00e9es par la Tunisie constituent une exception, a-t-il estim\u00e9, disant que certains pays sur les rives nord et sud de la M\u00e9diterran\u00e9e ont tard\u00e9 \u00e0 r\u00e9agir.<\/p>\n<p><strong>408 personnes arr\u00eat\u00e9es<\/strong><\/p>\n<p>Il a fait savoir que dans le cadre de la garantie du respect des mesures pr\u00e9ventives, les forces de s\u00e9curit\u00e9 ont jusqu&rsquo;\u00e0 maintenant arr\u00eat\u00e9 408 personnes. Parmi eux, 30 individus compara\u00eetront devant la justice en \u00e9tat d&rsquo;arrestation et 384 autres personnes en \u00e9tat de libert\u00e9, a-il expliqu\u00e9.<\/p>\n<p>Il a \u00e9galement soulign\u00e9 que 204 proc\u00e8s ont \u00e9t\u00e9 \u00e9tablis, concernant le non-respect de la d\u00e9cision de fermeture des commerces. Quelque 412 commerces (caf\u00e9s, restaurants, bars et autres commerces) ont \u00e9t\u00e9 ferm\u00e9s outre l&rsquo;arrestation de 386 personnes pour non-respect des d\u00e9cisions de fermeture.<\/p>\n<p>La vie du citoyen est en danger, d&rsquo;o\u00f9 la n\u00e9cessit\u00e9 d&rsquo;assumer les responsabilit\u00e9s avant qu&rsquo;il ne soit trop tard, a indiqu\u00e9 Mechichi. \u00ab\u00a0Nous avons autoris\u00e9 nos forces de s\u00e9curit\u00e9 \u00e0 appliquer strictement la loi, et leur ont demand\u00e9 d&rsquo;appeler les citoyens \u00e0 rester chez eux\u00a0\u00bb, a-t-il encore dit.<\/p>\n<p><strong>Circulation interdite<\/strong><\/p>\n<p>Par ailleurs, le minist\u00e8re de l&rsquo;Int\u00e9rieur a d\u00e9clar\u00e9 qu&rsquo;il prendra \u00e0 partir du mardi 24 mars 2020, \u00e0 6h du matin, \u00ab\u00a0des mesures juridiques, \u00e0 l&rsquo;encontre des utilisateurs de tout type de v\u00e9hicule circulant sur l&rsquo;ensemble du territoire tunisien qui ne dispose pas de justificatifs de leurs d\u00e9placements\u00a0\u00bb.<\/p>\n<p>Tout contrevenant se verra confisquer le permis de conduite et la carte grise, avertit le minist\u00e8re dans un communiqu\u00e9 publi\u00e9, lundi soir. La m\u00eame source a fait savoir, que cette d\u00e9cision qui intervient en application des r\u00e8gles du confinement total, sera appliqu\u00e9e en coordination avec les structures administratives comp\u00e9tentes.<\/p>\n<p>Le minist\u00e8re a \u00e9galement appel\u00e9 tous les citoyens \u00e0 respecter les mesures du confinement total, soulignant que la loi sera strictement appliqu\u00e9e contre les contrevenants.<\/p>\n<p>D\u00e9cid\u00e9 vendredi dernier par le chef de l&rsquo;Etat, le confinement sanitaire total en Tunisie est entr\u00e9 en vigueur le dimanche 22 mars (06h00 du matin) pour se poursuivre jusqu&rsquo;au 4 avril prochain.<\/p>\n<p>Auteur: letemps1<br \/>\n<a href=\"http:\/\/www.letemps.com.tn\/article\/112119\/les-militaires-d%C3%A9ploy%C3%A9s-dans-les-rues\">Cliquez ici pour lire l&rsquo;article depuis sa source.<\/a><\/p>\n","protected":false},"excerpt":{"rendered":"<p>Les t\u00eates dures pullulent, toujours, et risquent d\u2019\u00eatre de mauvais exemples, alors que la majorit\u00e9 des citoyens commence \u00e0 s\u2019adapter aux r\u00e8gles de confinement et de protection contre le Covid-19. Ainsi, malgr\u00e9 les multiples appels, certains \u00e9nergum\u00e8nes inconscient poursuivent les rassemblements et les infractions \u00e0 la r\u00e8glementation en vigueur, depuis samedi, ce qui a accul\u00e9 [&hellip;]<\/p>\n","protected":false},"author":1773,"featured_media":0,"comment_status":"closed","ping_status":"closed","sticky":false,"template":"","format":"standard","meta":{"fifu_image_url":"","fifu_image_alt":"","footnotes":""},"categories":[73,55],"tags":[],"class_list":["post-80163","post","type-post","status-publish","format-standard","hentry","category-actualite","category-tunisie"],"_links":{"self":[{"href":"https:\/\/linitiative.ca\/International\/wp-json\/wp\/v2\/posts\/80163","targetHints":{"allow":["GET"]}}],"collection":[{"href":"https:\/\/linitiative.ca\/International\/wp-json\/wp\/v2\/posts"}],"about":[{"href":"https:\/\/linitiative.ca\/International\/wp-json\/wp\/v2\/types\/post"}],"author":[{"embeddable":true,"href":"https:\/\/linitiative.ca\/International\/wp-json\/wp\/v2\/users\/1773"}],"replies":[{"embeddable":true,"href":"https:\/\/linitiative.ca\/International\/wp-json\/wp\/v2\/comments?post=80163"}],"version-history":[{"count":0,"href":"https:\/\/linitiative.ca\/International\/wp-json\/wp\/v2\/posts\/80163\/revisions"}],"wp:attachment":[{"href":"https:\/\/linitiative.ca\/International\/wp-json\/wp\/v2\/media?parent=80163"}],"wp:term":[{"taxonomy":"category","embeddable":true,"href":"https:\/\/linitiative.ca\/International\/wp-json\/wp\/v2\/categories?post=80163"},{"taxonomy":"post_tag","embeddable":true,"href":"https:\/\/linitiative.ca\/International\/wp-json\/wp\/v2\/tags?post=80163"}],"curies":[{"name":"wp","href":"https:\/\/api.w.org\/{rel}","templated":true}]}}