{"id":80164,"date":"2020-03-25T15:13:57","date_gmt":"2020-03-25T19:13:57","guid":{"rendered":"https:\/\/linitiative.ca\/International\/equipe-dalgerie-le-siege-de-la-faf-desinfecte\/"},"modified":"2020-03-25T15:13:57","modified_gmt":"2020-03-25T19:13:57","slug":"equipe-dalgerie-le-siege-de-la-faf-desinfecte","status":"publish","type":"post","link":"https:\/\/linitiative.ca\/International\/equipe-dalgerie-le-siege-de-la-faf-desinfecte\/","title":{"rendered":"Equipe d&rsquo;Alg\u00e9rie : Le si\u00e8ge de la FAF d\u00e9sinfect\u00e9"},"content":{"rendered":"<div readability=\"32\">\n<p>Auteur : <span>Riad O.<\/span> <span class=\"time\">mercredi 25 mars 2020 18:20<\/span><\/p>\n<\/div>\n<div id=\"post_core\" readability=\"45\">\n<p>Comme l\u2019avait affirm\u00e9 le pr\u00e9sident de la FAF, Khe\u00efreddine Zetchi r\u00e9cemment \u00e0 la presse, l\u2019instance footballistique Alg\u00e9rienne a indiqu\u00e9, aujourd\u2019hui, via son site internet, que le si\u00e8ge de la f\u00e9d\u00e9 vient d\u2019\u00eatre d\u00e9sinfect\u00e9\u00a0:\u00a0\u00abApr\u00e8s le Centre technique national (CTN) de Sidi Moussa, qui a fait l\u2019objet lundi d\u2019une op\u00e9ration de d\u00e9sinfection totale de tous ses locaux et espaces, hier c\u2019\u00e9tait au tour du si\u00e8ge de la F\u00e9d\u00e9ration alg\u00e9rienne de football (FAF) de subir le m\u00eame traitement dans ses moindres recoins.\u00bb lit-on sur le site de la F\u00e9d\u00e9ration Alg\u00e9rienne de Football. A cette op\u00e9ration de d\u00e9sinfection\u00a0 s\u2019ajoute le centre de Khemis Miliana o\u00f9 est log\u00e9e l\u2019Acad\u00e9mie de la FAF: \u00abMercredi 25 mars 2020, ce sera au tour du Centre de Khemis Miliana, o\u00f9 est log\u00e9e l\u2019Acad\u00e9mie de la FAF, de subir la m\u00eame op\u00e9ration dans le cadre des mesures pr\u00e9ventives contre la pand\u00e9mie du Coronavirus qui affecte l\u2019Alg\u00e9rie et plusieurs autres pays \u00e0 travers le monde.\u00bb lit-on toujours sur le site de la FAF.<\/p>\n<p><strong>Publi\u00e9 dans :<\/strong> <span>faf<\/span><\/p>\n<\/div>\n<p>Auteur:<br \/>\n<a href=\"http:\/\/www.lebuteur.com\/article\/detail?titre=le-siege-de-la-faf-desinfecte&#038;id=95428&#038;utm_source=feedburner&#038;utm_medium=feed&#038;utm_campaign=Feed%3A+GalerieFArtciles+%28Les+derniers+articles++-+lebuteur.com%29\">Cliquez ici pour lire l&rsquo;article depuis sa source.<\/a><\/p>\n","protected":false},"excerpt":{"rendered":"<p>Auteur : Riad O. mercredi 25 mars 2020 18:20 Comme l\u2019avait affirm\u00e9 le pr\u00e9sident de la FAF, Khe\u00efreddine Zetchi r\u00e9cemment \u00e0 la presse, l\u2019instance footballistique Alg\u00e9rienne a indiqu\u00e9, aujourd\u2019hui, via son site internet, que le si\u00e8ge de la f\u00e9d\u00e9 vient d\u2019\u00eatre d\u00e9sinfect\u00e9\u00a0:\u00a0\u00abApr\u00e8s le Centre technique national (CTN) de Sidi Moussa, qui a fait l\u2019objet lundi [&hellip;]<\/p>\n","protected":false},"author":1738,"featured_media":80165,"comment_status":"closed","ping_status":"closed","sticky":false,"template":"","format":"standard","meta":{"fifu_image_url":"","fifu_image_alt":"","footnotes":""},"categories":[53,75],"tags":[],"class_list":["post-80164","post","type-post","status-publish","format-standard","has-post-thumbnail","hentry","category-algerie","category-sport"],"_links":{"self":[{"href":"https:\/\/linitiative.ca\/International\/wp-json\/wp\/v2\/posts\/80164","targetHints":{"allow":["GET"]}}],"collection":[{"href":"https:\/\/linitiative.ca\/International\/wp-json\/wp\/v2\/posts"}],"about":[{"href":"https:\/\/linitiative.ca\/International\/wp-json\/wp\/v2\/types\/post"}],"author":[{"embeddable":true,"href":"https:\/\/linitiative.ca\/International\/wp-json\/wp\/v2\/users\/1738"}],"replies":[{"embeddable":true,"href":"https:\/\/linitiative.ca\/International\/wp-json\/wp\/v2\/comments?post=80164"}],"version-history":[{"count":0,"href":"https:\/\/linitiative.ca\/International\/wp-json\/wp\/v2\/posts\/80164\/revisions"}],"wp:featuredmedia":[{"embeddable":true,"href":"https:\/\/linitiative.ca\/International\/wp-json\/"}],"wp:attachment":[{"href":"https:\/\/linitiative.ca\/International\/wp-json\/wp\/v2\/media?parent=80164"}],"wp:term":[{"taxonomy":"category","embeddable":true,"href":"https:\/\/linitiative.ca\/International\/wp-json\/wp\/v2\/categories?post=80164"},{"taxonomy":"post_tag","embeddable":true,"href":"https:\/\/linitiative.ca\/International\/wp-json\/wp\/v2\/tags?post=80164"}],"curies":[{"name":"wp","href":"https:\/\/api.w.org\/{rel}","templated":true}]}}