{"id":80166,"date":"2020-03-25T15:14:00","date_gmt":"2020-03-25T19:14:00","guid":{"rendered":"https:\/\/linitiative.ca\/International\/pros-benlamri-dans-le-viseur-dal-nasr\/"},"modified":"2020-03-25T15:14:00","modified_gmt":"2020-03-25T19:14:00","slug":"pros-benlamri-dans-le-viseur-dal-nasr","status":"publish","type":"post","link":"https:\/\/linitiative.ca\/International\/pros-benlamri-dans-le-viseur-dal-nasr\/","title":{"rendered":"Pros : Benlamri dans le viseur d\u2019Al Nasr"},"content":{"rendered":"<div readability=\"32\">\n<p>Auteur : <span>Riad O.<\/span> <span class=\"time\">mercredi 25 mars 2020 18:22<\/span><\/p>\n<\/div>\n<div id=\"post_core\" readability=\"39\">\n<p>Le d\u00e9fenseur central Alg\u00e9rien d\u2019Al Shabab, Djamel Benlamri serait dans le viseur de la direction du club saoudien d\u2019Al Nasr. Selon la presse saoudienne, les responsables du club en question seraient pr\u00eats \u00e0 r\u00e9pondre favorablement \u00e0 toutes les exigences du joueur Alg\u00e9rien afin de l\u2019enr\u00f4ler d\u00e8s l\u2019\u00e9t\u00e9 prochain. Selon la m\u00eame source toujours, les dirigeants d\u2019Al Nasr attendent la fin de contrat du joueur avec Al Shabab pour passer \u00e0 l\u2019action. Pour rappel, Benlamri sera libre de tout engagement vis-\u00e0-vis d\u2019Al Shabab en juin prochain.<\/p>\n<p><strong>Publi\u00e9 dans :<\/strong> <span>Benlamri<\/span><\/p>\n<\/div>\n<p>Auteur:<br \/>\n<a href=\"http:\/\/www.lebuteur.com\/article\/detail?titre=benlamri-dans-le-viseur-dal-nasr&#038;id=95429&#038;utm_source=feedburner&#038;utm_medium=feed&#038;utm_campaign=Feed%3A+GalerieFArtciles+%28Les+derniers+articles++-+lebuteur.com%29\">Cliquez ici pour lire l&rsquo;article depuis sa source.<\/a><\/p>\n","protected":false},"excerpt":{"rendered":"<p>Auteur : Riad O. mercredi 25 mars 2020 18:22 Le d\u00e9fenseur central Alg\u00e9rien d\u2019Al Shabab, Djamel Benlamri serait dans le viseur de la direction du club saoudien d\u2019Al Nasr. Selon la presse saoudienne, les responsables du club en question seraient pr\u00eats \u00e0 r\u00e9pondre favorablement \u00e0 toutes les exigences du joueur Alg\u00e9rien afin de l\u2019enr\u00f4ler d\u00e8s [&hellip;]<\/p>\n","protected":false},"author":1738,"featured_media":80167,"comment_status":"closed","ping_status":"closed","sticky":false,"template":"","format":"standard","meta":{"fifu_image_url":"","fifu_image_alt":"","footnotes":""},"categories":[53,75],"tags":[],"class_list":["post-80166","post","type-post","status-publish","format-standard","has-post-thumbnail","hentry","category-algerie","category-sport"],"_links":{"self":[{"href":"https:\/\/linitiative.ca\/International\/wp-json\/wp\/v2\/posts\/80166","targetHints":{"allow":["GET"]}}],"collection":[{"href":"https:\/\/linitiative.ca\/International\/wp-json\/wp\/v2\/posts"}],"about":[{"href":"https:\/\/linitiative.ca\/International\/wp-json\/wp\/v2\/types\/post"}],"author":[{"embeddable":true,"href":"https:\/\/linitiative.ca\/International\/wp-json\/wp\/v2\/users\/1738"}],"replies":[{"embeddable":true,"href":"https:\/\/linitiative.ca\/International\/wp-json\/wp\/v2\/comments?post=80166"}],"version-history":[{"count":0,"href":"https:\/\/linitiative.ca\/International\/wp-json\/wp\/v2\/posts\/80166\/revisions"}],"wp:featuredmedia":[{"embeddable":true,"href":"https:\/\/linitiative.ca\/International\/wp-json\/"}],"wp:attachment":[{"href":"https:\/\/linitiative.ca\/International\/wp-json\/wp\/v2\/media?parent=80166"}],"wp:term":[{"taxonomy":"category","embeddable":true,"href":"https:\/\/linitiative.ca\/International\/wp-json\/wp\/v2\/categories?post=80166"},{"taxonomy":"post_tag","embeddable":true,"href":"https:\/\/linitiative.ca\/International\/wp-json\/wp\/v2\/tags?post=80166"}],"curies":[{"name":"wp","href":"https:\/\/api.w.org\/{rel}","templated":true}]}}