{"id":80175,"date":"2020-03-25T15:19:24","date_gmt":"2020-03-25T19:19:24","guid":{"rendered":"https:\/\/linitiative.ca\/International\/le-ministre-de-la-sante-appel-a-la-mobilisation-des-associations-et-representants-des-malades\/"},"modified":"2020-03-25T15:19:24","modified_gmt":"2020-03-25T19:19:24","slug":"le-ministre-de-la-sante-appel-a-la-mobilisation-des-associations-et-representants-des-malades","status":"publish","type":"post","link":"https:\/\/linitiative.ca\/International\/le-ministre-de-la-sante-appel-a-la-mobilisation-des-associations-et-representants-des-malades\/","title":{"rendered":"Le ministre de la Sant\u00e9 :  Appel \u00e0 la mobilisation des associations  et repr\u00e9sentants  des malades"},"content":{"rendered":"<p>Lors d\u2019une r\u00e9union, mardi au si\u00e8ge du minist\u00e8re, avec une d\u00e9l\u00e9gation du r\u00e9seau national des associations et repr\u00e9sentants des malades, consacr\u00e9e \u00e0 la situation pand\u00e9mique du coronavirus (Covid-19), M. Benbouzid a mis en avant \u00able r\u00f4le actif des associations dans la prise de conscience et la sensibilisation des membres de la soci\u00e9t\u00e9, \u00e0 l\u2019importance de la pr\u00e9vention pour emp\u00eacher la propagation du virus, notamment en cette conjoncture sanitaire que vit l\u2019Alg\u00e9rie\u00bb, appelant les associations \u00ab\u00e0 la conjugaison des efforts et \u00e0 la mobilisation pour faire face \u00e0 cette pand\u00e9mie\u00bb, ajoute le communiqu\u00e9.<\/p>\n<p>Le ministre a \u00e9galement saisi l\u2019occasion pour exprimer \u00abla volont\u00e9 et la disponibilit\u00e9 du minist\u00e8re \u00e0 ancrer les relations avec les associations et repr\u00e9sentants des malades, en les impliquant pleinement dans le processus de mise en place de la politique sanitaire, conform\u00e9ment aux orientations du Pr\u00e9sident de la R\u00e9publique inh\u00e9rentes au renforcement et \u00e0 la promotion du dialogue social\u00bb, souligne la m\u00eame source, pr\u00e9cisant que le ministre \u00aba \u00e9cout\u00e9 les pr\u00e9occupations et propositions de ces associations\u00bb. Pour leur part, les repr\u00e9sentants des associations ont exprim\u00e9 \u00ableur satisfaction et leur disponibilit\u00e9 \u00e0 \u0153uvrer pour l\u2019application de cette nouvelle approche de partenariat qui leur permettra de perfectionner leur r\u00f4le dans l\u2019accompagnement des malades, au quotidien, et de leur assurer les diff\u00e9rents moyens de protection\u00bb.\u00a0\u00a0<\/p>\n<p>Auteur: elmoudjahid<br \/>\n<a href=\"http:\/\/www.elmoudjahid.com\/fr\/actualites\/150367\">Cliquez ici pour lire l&rsquo;article depuis sa source.<\/a><\/p>\n","protected":false},"excerpt":{"rendered":"<p>Lors d\u2019une r\u00e9union, mardi au si\u00e8ge du minist\u00e8re, avec une d\u00e9l\u00e9gation du r\u00e9seau national des associations et repr\u00e9sentants des malades, consacr\u00e9e \u00e0 la situation pand\u00e9mique du coronavirus (Covid-19), M. Benbouzid a mis en avant \u00able r\u00f4le actif des associations dans la prise de conscience et la sensibilisation des membres de la soci\u00e9t\u00e9, \u00e0 l\u2019importance de [&hellip;]<\/p>\n","protected":false},"author":1744,"featured_media":0,"comment_status":"closed","ping_status":"closed","sticky":false,"template":"","format":"standard","meta":{"fifu_image_url":"","fifu_image_alt":"","footnotes":""},"categories":[73,53],"tags":[],"class_list":["post-80175","post","type-post","status-publish","format-standard","hentry","category-actualite","category-algerie"],"_links":{"self":[{"href":"https:\/\/linitiative.ca\/International\/wp-json\/wp\/v2\/posts\/80175","targetHints":{"allow":["GET"]}}],"collection":[{"href":"https:\/\/linitiative.ca\/International\/wp-json\/wp\/v2\/posts"}],"about":[{"href":"https:\/\/linitiative.ca\/International\/wp-json\/wp\/v2\/types\/post"}],"author":[{"embeddable":true,"href":"https:\/\/linitiative.ca\/International\/wp-json\/wp\/v2\/users\/1744"}],"replies":[{"embeddable":true,"href":"https:\/\/linitiative.ca\/International\/wp-json\/wp\/v2\/comments?post=80175"}],"version-history":[{"count":0,"href":"https:\/\/linitiative.ca\/International\/wp-json\/wp\/v2\/posts\/80175\/revisions"}],"wp:attachment":[{"href":"https:\/\/linitiative.ca\/International\/wp-json\/wp\/v2\/media?parent=80175"}],"wp:term":[{"taxonomy":"category","embeddable":true,"href":"https:\/\/linitiative.ca\/International\/wp-json\/wp\/v2\/categories?post=80175"},{"taxonomy":"post_tag","embeddable":true,"href":"https:\/\/linitiative.ca\/International\/wp-json\/wp\/v2\/tags?post=80175"}],"curies":[{"name":"wp","href":"https:\/\/api.w.org\/{rel}","templated":true}]}}