{"id":80176,"date":"2020-03-25T15:19:26","date_gmt":"2020-03-25T19:19:26","guid":{"rendered":"https:\/\/linitiative.ca\/International\/affaire-de-montage-automobile-et-financement-occulte-peines-maintenues-pour-ouyahia-et-sellal\/"},"modified":"2020-03-25T15:19:26","modified_gmt":"2020-03-25T19:19:26","slug":"affaire-de-montage-automobile-et-financement-occulte-peines-maintenues-pour-ouyahia-et-sellal","status":"publish","type":"post","link":"https:\/\/linitiative.ca\/International\/affaire-de-montage-automobile-et-financement-occulte-peines-maintenues-pour-ouyahia-et-sellal\/","title":{"rendered":"Affaire de montage automobile et financement occulte :  Peines maintenues pour Ouyahia et Sellal"},"content":{"rendered":"<p>Le pr\u00e9sident de la chambre p\u00e9nale pr\u00e8s la Cour d\u2019Alger a prononc\u00e9 les jugements en pr\u00e9sence des seuls avocats de la d\u00e9fense, les familles et proches des accus\u00e9s ainsi que les m\u00e9dias, \u00e9tant interdits d\u2019acc\u00e8s.\u00a0<\/p>\n<p>La cour d\u2019Alger a donc confirm\u00e9 les peines prononc\u00e9es par le tribunal de Sidi M\u2019Hamed contre le Premier ministre Ahmed Ouyahia qui avait \u00e9cop\u00e9 d\u2019une peine de 15 ans de prison ferme, d\u2019une amende de 2 millions de dinars, de la confiscation de ses biens et de ceux acquis par son \u00e9pouse et son fils ainsi que de la privation de ses droits civiques et politiques. De m\u00eame pour Abdelmalek Sellal condamn\u00e9 \u00e0 une peine de 12 ans de prison ferme, un million de dinars d\u2019amende et la restitution des fonds ind\u00fbment octroy\u00e9s en avantages.<\/p>\n<p><strong>Peine r\u00e9duite pour Haddad\u00a0<\/strong><\/p>\n<p>La peine a \u00e9t\u00e9 r\u00e9duite pour les deux anciens ministres de l\u2019Industrie, Youcef Yousfi et Mahdjoub Bedda, condamn\u00e9s \u00e0 5 ans de prison ferme. Youcef Yousfi et Mahdjoub Bedda avaient\u00a0 \u00e9t\u00e9 condamn\u00e9s par le p\u00f4le judiciaire sp\u00e9cialis\u00e9 de Sidi M\u2019Hamed,\u00a0 \u00e0 10 ans de prison ferme et \u00e0 une amende de 500.000 DA pour \u00aboctroi d\u2019indus avantages\u00bb, \u00ababus de fonction\u00bb, \u00abcorruption\u00bb et \u00abdilapidation de deniers publics\u00bb. L\u2019ex-wali de Tipasa, Nouria Zerhouni et Fares Sellal ont vu leur peine r\u00e9duite \u00e0 2 ans de prison ferme. Zerhouni avait \u00e9t\u00e9 condamn\u00e9e \u00e0 une peine de 5 ans de prison ferme assortie d\u2019une amende de 200.000 DA pour \u00aboctroi d\u2019indus avantages\u00bb et \u00ababus de fonction\u00bb. Fares Sellal, fils de l\u2019ancien premier ministre, avait \u00e9t\u00e9 condamn\u00e9 \u00e0 3 ans de prison ferme .<\/p>\n<p>Les hommes d\u2019affaire, s\u2019en sortent \u00e9galement avec des peines moins lourdes. Ahmed Maazouz et Hassan Arbaoui patron de KIA Motors ont \u00e9cop\u00e9 d\u2019une peine de 4 ans de prison ferme. Maazouz avait \u00e9t\u00e9 condamn\u00e9 lors du premier proc\u00e8s \u00e0\u00a0 7 ans de prison ferme assortie d\u2019une amende d\u2019un million de dinars et de la confiscation des fonds saisis pour \u00abincitation de fonctionnaire pour obtenir d\u2019indus avantages et b\u00e9n\u00e9ficier de l\u2019influence des agents de l\u2019Etat\u00bb, \u00abblanchiment d\u2019argent et dissimulation de leur origine\u00bb et \u00abfinancement occulte de la campagne \u00e9lectorale\u00bb. Hassan Arbaoui avait \u00e9t\u00e9 condamn\u00e9 \u00e0 6 ans de prison ferme assortie d\u2019une amende d\u2019un million de DA et \u00e0 la confiscation des fonds saisis.\u00a0<\/p>\n<p>L\u2019homme d\u2019affaire Ali Haddad a \u00e9cop\u00e9 d\u2019une peine de 4 ans de prison ferme alors qu\u2019il avait \u00e9t\u00e9 condamn\u00e9\u00a0 \u00e0 7 ans de prison ferme et \u00e0 une amende de 500.000 DA par le tribunal de Sidi M\u2019Hamed. La peine a \u00e9t\u00e9 maintenue pour\u00a0 Mohamed Ba\u00efri, patron du groupe Ival et ex-vice-pr\u00e9sident du Forum des chefs d\u2019entreprise, condamn\u00e9 \u00e0\u00a0 3 ans de prison ferme et \u00e0200.000 DA d\u2019amende pour \u00abincitation des agents publics en vue d\u2019obtenir d\u2019indus avantages\u00bb apr\u00e8s avoir b\u00e9n\u00e9fici\u00e9 de la relaxe pour le d\u00e9lit de \u00abblanchiment d\u2019argent\u00bb.<\/p>\n<p><strong>Za\u00e2lane de nouveau acquitt\u00e9 et acquittement pour l\u2019ancien PDG de la BNA\u00a0<\/strong><\/p>\n<p>Abdelghani Zaalane, ex-ministre des Travaux publics (en d\u00e9tention dans le cadre de l\u2019affaire) et directeur de la campagne \u00e9lectorale du pr\u00e9sident d\u00e9chu, b\u00e9n\u00e9ficie de la relaxe pour \u00abfinancement occulte de la campagne\u00bb.L\u2019ex-pr\u00e9sident de la commission technique aupr\u00e8s du minist\u00e8re de l\u2019Industrie, Amine Tira a vu sa peine r\u00e9duite de 5 ans \u00e0 3 ans de prison ferme. Enfin Abboud Achour, ancien Pdg de la BNA\u00a0 qui avait \u00e9cop\u00e9 de 3 ans de prison ferme et d\u2019une amende de 100 .000 DA, a \u00e9t\u00e9 acquitt\u00e9.\u00a0<\/p>\n<p>Neila Benrahal\u00a0<\/p>\n<p>Auteur: elmoudjahid<br \/>\n<a href=\"http:\/\/www.elmoudjahid.com\/fr\/actualites\/150369\">Cliquez ici pour lire l&rsquo;article depuis sa source.<\/a><\/p>\n","protected":false},"excerpt":{"rendered":"<p>Le pr\u00e9sident de la chambre p\u00e9nale pr\u00e8s la Cour d\u2019Alger a prononc\u00e9 les jugements en pr\u00e9sence des seuls avocats de la d\u00e9fense, les familles et proches des accus\u00e9s ainsi que les m\u00e9dias, \u00e9tant interdits d\u2019acc\u00e8s.\u00a0 La cour d\u2019Alger a donc confirm\u00e9 les peines prononc\u00e9es par le tribunal de Sidi M\u2019Hamed contre le Premier ministre Ahmed [&hellip;]<\/p>\n","protected":false},"author":1744,"featured_media":0,"comment_status":"closed","ping_status":"closed","sticky":false,"template":"","format":"standard","meta":{"fifu_image_url":"","fifu_image_alt":"","footnotes":""},"categories":[73,53],"tags":[],"class_list":["post-80176","post","type-post","status-publish","format-standard","hentry","category-actualite","category-algerie"],"_links":{"self":[{"href":"https:\/\/linitiative.ca\/International\/wp-json\/wp\/v2\/posts\/80176","targetHints":{"allow":["GET"]}}],"collection":[{"href":"https:\/\/linitiative.ca\/International\/wp-json\/wp\/v2\/posts"}],"about":[{"href":"https:\/\/linitiative.ca\/International\/wp-json\/wp\/v2\/types\/post"}],"author":[{"embeddable":true,"href":"https:\/\/linitiative.ca\/International\/wp-json\/wp\/v2\/users\/1744"}],"replies":[{"embeddable":true,"href":"https:\/\/linitiative.ca\/International\/wp-json\/wp\/v2\/comments?post=80176"}],"version-history":[{"count":0,"href":"https:\/\/linitiative.ca\/International\/wp-json\/wp\/v2\/posts\/80176\/revisions"}],"wp:attachment":[{"href":"https:\/\/linitiative.ca\/International\/wp-json\/wp\/v2\/media?parent=80176"}],"wp:term":[{"taxonomy":"category","embeddable":true,"href":"https:\/\/linitiative.ca\/International\/wp-json\/wp\/v2\/categories?post=80176"},{"taxonomy":"post_tag","embeddable":true,"href":"https:\/\/linitiative.ca\/International\/wp-json\/wp\/v2\/tags?post=80176"}],"curies":[{"name":"wp","href":"https:\/\/api.w.org\/{rel}","templated":true}]}}