{"id":80177,"date":"2020-03-25T13:00:00","date_gmt":"2020-03-25T17:00:00","guid":{"rendered":"https:\/\/linitiative.ca\/International\/le-president-tebboune-rend-hommage-aux-blideens-pour-leur-patience-face-au-confinement\/"},"modified":"2020-03-25T13:00:00","modified_gmt":"2020-03-25T17:00:00","slug":"le-president-tebboune-rend-hommage-aux-blideens-pour-leur-patience-face-au-confinement","status":"publish","type":"post","link":"https:\/\/linitiative.ca\/International\/le-president-tebboune-rend-hommage-aux-blideens-pour-leur-patience-face-au-confinement\/","title":{"rendered":"Le Pr\u00e9sident Tebboune rend hommage  aux Blid\u00e9ens pour leur patience  face au confinement"},"content":{"rendered":"<div class=\"TxArtcile\" readability=\"16\">\n<div class=\"ImgCapt\"><img loading=\"lazy\" decoding=\"async\" width=\"208\" height=\"208\" src=\"http:\/\/www.elmoudjahid.com\/temp\/fr\/actualite2[150370].jpg\" alt=\"\" \/><span>D.R<\/span><\/div>\n<p>\u00a0\u00abIl me tient \u00e0 c\u0153ur de rendre hommage aux Blid\u00e9ens pour leur patience face au confinement impos\u00e9 dans le cadre de la lutte contre la propagation du Covid-19. Il ne s&rsquo;agit point d&rsquo;un ch\u00e2timent, loin de l\u00e0. Blida, joyau de l&rsquo;Alg\u00e9rie, doit \u00eatre bien prot\u00e9g\u00e9e. Allah vous r\u00e9tribuera pour votre patience et l&rsquo;Etat est avec vous et avec toutes les autres r\u00e9gions\u00bb, a \u00e9crit le Pr\u00e9sident Tebboune. \u00abUnis, nous vaincrons le Covid-19. Nous devons tous se conformer aux mesures de pr\u00e9vention. Puisse Allah pr\u00e9server tous les Alg\u00e9riens et gu\u00e9rir l&rsquo;Alg\u00e9rie\u00bb, a ajout\u00e9 le Pr\u00e9sident de la R\u00e9publique.<\/p>\n<\/div>\n<div class=\"ModliArtilUne\">\n<ul>\n<li><strong>Publi\u00e9 dans :<\/strong><\/li>\n<\/ul>\n<\/div>\n<div class=\"MbComIns\" id=\"newcom\" readability=\"5.69402985075\">\n<h6>DONNEZ VOTRE AVIS<\/h6>\n<p>Il n&rsquo;y a actuellement aucune r\u00e9action \u00e0 cette information. Soyez le premier \u00e0 r\u00e9agir !<\/p>\n<p><a href=\"\" rel=\"#popup\" class=\"login resetbutton\">Identifiez-vous<\/a><a class=\"button\" href=\"http:\/\/www.elmoudjahid.com\/fr\/inscription\/\"><span>S&rsquo;inscrire<\/span><\/a><\/p>\n<\/div>\n<p>Auteur: elmoudjahid<br \/>\n<a href=\"http:\/\/www.elmoudjahid.com\/fr\/actualites\/150370\">Cliquez ici pour lire l&rsquo;article depuis sa source.<\/a><\/p>\n","protected":false},"excerpt":{"rendered":"<p>D.R \u00a0\u00abIl me tient \u00e0 c\u0153ur de rendre hommage aux Blid\u00e9ens pour leur patience face au confinement impos\u00e9 dans le cadre de la lutte contre la propagation du Covid-19. Il ne s&rsquo;agit point d&rsquo;un ch\u00e2timent, loin de l\u00e0. Blida, joyau de l&rsquo;Alg\u00e9rie, doit \u00eatre bien prot\u00e9g\u00e9e. Allah vous r\u00e9tribuera pour votre patience et l&rsquo;Etat est [&hellip;]<\/p>\n","protected":false},"author":1744,"featured_media":80178,"comment_status":"closed","ping_status":"closed","sticky":false,"template":"","format":"standard","meta":{"fifu_image_url":"","fifu_image_alt":"","footnotes":""},"categories":[73,53],"tags":[],"class_list":["post-80177","post","type-post","status-publish","format-standard","has-post-thumbnail","hentry","category-actualite","category-algerie"],"_links":{"self":[{"href":"https:\/\/linitiative.ca\/International\/wp-json\/wp\/v2\/posts\/80177","targetHints":{"allow":["GET"]}}],"collection":[{"href":"https:\/\/linitiative.ca\/International\/wp-json\/wp\/v2\/posts"}],"about":[{"href":"https:\/\/linitiative.ca\/International\/wp-json\/wp\/v2\/types\/post"}],"author":[{"embeddable":true,"href":"https:\/\/linitiative.ca\/International\/wp-json\/wp\/v2\/users\/1744"}],"replies":[{"embeddable":true,"href":"https:\/\/linitiative.ca\/International\/wp-json\/wp\/v2\/comments?post=80177"}],"version-history":[{"count":0,"href":"https:\/\/linitiative.ca\/International\/wp-json\/wp\/v2\/posts\/80177\/revisions"}],"wp:featuredmedia":[{"embeddable":true,"href":"https:\/\/linitiative.ca\/International\/wp-json\/"}],"wp:attachment":[{"href":"https:\/\/linitiative.ca\/International\/wp-json\/wp\/v2\/media?parent=80177"}],"wp:term":[{"taxonomy":"category","embeddable":true,"href":"https:\/\/linitiative.ca\/International\/wp-json\/wp\/v2\/categories?post=80177"},{"taxonomy":"post_tag","embeddable":true,"href":"https:\/\/linitiative.ca\/International\/wp-json\/wp\/v2\/tags?post=80177"}],"curies":[{"name":"wp","href":"https:\/\/api.w.org\/{rel}","templated":true}]}}