{"id":80180,"date":"2020-03-25T04:38:32","date_gmt":"2020-03-25T08:38:32","guid":{"rendered":"https:\/\/linitiative.ca\/International\/103384-jm-oran-2021-l-avenir-de-la-19e-edition-prochainement-debattu-par-le-cijm\/"},"modified":"2020-03-25T04:38:32","modified_gmt":"2020-03-25T08:38:32","slug":"103384-jm-oran-2021-l-avenir-de-la-19e-edition-prochainement-debattu-par-le-cijm","status":"publish","type":"post","link":"https:\/\/linitiative.ca\/International\/103384-jm-oran-2021-l-avenir-de-la-19e-edition-prochainement-debattu-par-le-cijm\/","title":{"rendered":"JM Oran 2021: l\u2019avenir de la 19e \u00e9dition prochainement d\u00e9battu par le CIJM"},"content":{"rendered":"<p><span class=\"sp-nh-title\">Adh\u00e9sion totale des citoyens au premier jour du confinement partiel \u00e0 Alger<\/span> &#8211; <span class=\"sp-nh-date\">mercredi 25 mars 2020 19:52<\/span><\/p>\n<p><span class=\"sp-nh-title\">Omari: les stocks strat\u00e9giques en produits de large consommation sont suffisants<\/span> &#8211; <span class=\"sp-nh-date\">mercredi 25 mars 2020 19:46<\/span><\/p>\n<p><span class=\"sp-nh-title\">ONIL: ouverture d\u2019une plateforme num\u00e9rique pour faciliter l\u2019approvisionnement en poudre de lait<\/span> &#8211; <span class=\"sp-nh-date\">mercredi 25 mars 2020 19:41<\/span><\/p>\n<p><span class=\"sp-nh-title\">Sommet virtuel du G20 jeudi sur la pand\u00e9mie de Covid-19<\/span> &#8211; <span class=\"sp-nh-date\">mercredi 25 mars 2020 19:23<\/span><\/p>\n<p><span class=\"sp-nh-title\">Sanctions internationales: appels \u00e0 faire une pause humanitaire pour contenir le coronavirus<\/span> &#8211; <span class=\"sp-nh-date\">mercredi 25 mars 2020 18:40<\/span><\/p>\n<p><span class=\"sp-nh-title\">Covid-19: La DGSN rappelle les principales mesures pr\u00e9ventives \u00a0<\/span> &#8211; <span class=\"sp-nh-date\">mercredi 25 mars 2020 18:31<\/span><\/p>\n<p><span class=\"sp-nh-title\">Affaires de montage automobile et financement occulte de la campagne \u00e9lectorale: 15 ans de prison ferme pour Ouyahia et 12 ans pour Sellal<\/span> &#8211; <span class=\"sp-nh-date\">mercredi 25 mars 2020 18:16<\/span><\/p>\n<p><span class=\"sp-nh-title\">Covid-19: Le Pr\u00e9sident Tebboune rend hommage aux Blid\u00e9ens pour leur patience<\/span> &#8211; <span class=\"sp-nh-date\">mercredi 25 mars 2020 18:10<\/span><\/p>\n<p><span class=\"sp-nh-title\">Appui des PME et des micro-entreprises: signature d&rsquo;une convention entre le CPA et le CGCI<\/span> &#8211; <span class=\"sp-nh-date\">mercredi 25 mars 2020 17:37<\/span><\/p>\n<p><span class=\"sp-nh-title\">COVID-19: Appel \u00e0 ne pas c\u00e9der aux rumeurs et \u00e0 la peur<\/span> &#8211; <span class=\"sp-nh-date\">mercredi 25 mars 2020 17:34<\/span><\/p>\n<p><span class=\"sp-nh-title\">Lutte contre le Covid 19: appel \u00e0 la mobilisation des associations et repr\u00e9sentants des malades<\/span> &#8211; <span class=\"sp-nh-date\">mercredi 25 mars 2020 17:24<\/span><\/p>\n<p><span class=\"sp-nh-title\">Un nouveau d\u00e9cret fixant les mesures compl\u00e9mentaires de lutte contre le coronavirus<\/span> &#8211; <span class=\"sp-nh-date\">mercredi 25 mars 2020 17:20<\/span><\/p>\n<p><span class=\"sp-nh-title\">Coronavirus: 38 nouveaux cas confirm\u00e9s, dont deux d\u00e9c\u00e8s en Alg\u00e9rie<\/span> &#8211; <span class=\"sp-nh-date\">mercredi 25 mars 2020 17:08<\/span><\/p>\n<p><span class=\"sp-nh-title\">Confinement dans certaines r\u00e9gions: l&rsquo;IPA adopte de nouvelles m\u00e9thodes pour le d\u00e9pistage du coronavirus<\/span> &#8211; <span class=\"sp-nh-date\">mercredi 25 mars 2020 16:43<\/span><\/p>\n<p><span class=\"sp-nh-title\">CAN-2021 : la CAF \u00e9voque un possible d\u00e9calage de la phase finale \u00a0<\/span> &#8211; <span class=\"sp-nh-date\">mercredi 25 mars 2020 16:37<\/span><\/p>\n<p><span class=\"sp-nh-title\">CCLS de Blida: un pr\u00e9-quota de 160.000 qx de bl\u00e9 dur au profit des operateurs<\/span> &#8211; <span class=\"sp-nh-date\">mercredi 25 mars 2020 16:28<\/span><\/p>\n<p><span class=\"sp-nh-title\">Cr\u00e9ation de la Commission de suivi du coronavirus: pour une communication transparente et fiable<\/span> &#8211; <span class=\"sp-nh-date\">mercredi 25 mars 2020 16:17<\/span><\/p>\n<p><span class=\"sp-nh-title\">Confinement total \u00e0 Blida: renouvellement automatique des contrats d\u2019assurance automobile<\/span> &#8211; <span class=\"sp-nh-date\">mercredi 25 mars 2020 16:07<\/span><\/p>\n<p><span class=\"sp-nh-title\">L&rsquo;Alg\u00e9rie condamne avec force les attaques terroristes au Nigeria et au Tchad<\/span> &#8211; <span class=\"sp-nh-date\">mercredi 25 mars 2020 15:59<\/span><\/p>\n<p><span class=\"sp-nh-title\">Gharda\u00efa: d\u00e9mant\u00e8lement d\u2019un r\u00e9seau de d\u00e9placement de migrants clandestins du Sud vers le Nord<\/span> &#8211; <span class=\"sp-nh-date\">mercredi 25 mars 2020 14:13<\/span><\/p>\n<p>Auteur:<br \/>\n<a href=\"http:\/\/www.aps.dz\/sport\/103384-jm-oran-2021-l-avenir-de-la-19e-edition-prochainement-debattu-par-le-cijm?utm_source=feedburner&#038;utm_medium=feed&#038;utm_campaign=Feed%3A+aps-sport+%28APS+-+SPORT%29\">Cliquez ici pour lire l&rsquo;article depuis sa source.<\/a><\/p>\n","protected":false},"excerpt":{"rendered":"<p>Adh\u00e9sion totale des citoyens au premier jour du confinement partiel \u00e0 Alger &#8211; mercredi 25 mars 2020 19:52 Omari: les stocks strat\u00e9giques en produits de large consommation sont suffisants &#8211; mercredi 25 mars 2020 19:46 ONIL: ouverture d\u2019une plateforme num\u00e9rique pour faciliter l\u2019approvisionnement en poudre de lait &#8211; mercredi 25 mars 2020 19:41 Sommet virtuel [&hellip;]<\/p>\n","protected":false},"author":1790,"featured_media":0,"comment_status":"closed","ping_status":"closed","sticky":false,"template":"","format":"standard","meta":{"fifu_image_url":"","fifu_image_alt":"","footnotes":""},"categories":[53,75],"tags":[],"class_list":["post-80180","post","type-post","status-publish","format-standard","hentry","category-algerie","category-sport"],"_links":{"self":[{"href":"https:\/\/linitiative.ca\/International\/wp-json\/wp\/v2\/posts\/80180","targetHints":{"allow":["GET"]}}],"collection":[{"href":"https:\/\/linitiative.ca\/International\/wp-json\/wp\/v2\/posts"}],"about":[{"href":"https:\/\/linitiative.ca\/International\/wp-json\/wp\/v2\/types\/post"}],"author":[{"embeddable":true,"href":"https:\/\/linitiative.ca\/International\/wp-json\/wp\/v2\/users\/1790"}],"replies":[{"embeddable":true,"href":"https:\/\/linitiative.ca\/International\/wp-json\/wp\/v2\/comments?post=80180"}],"version-history":[{"count":0,"href":"https:\/\/linitiative.ca\/International\/wp-json\/wp\/v2\/posts\/80180\/revisions"}],"wp:attachment":[{"href":"https:\/\/linitiative.ca\/International\/wp-json\/wp\/v2\/media?parent=80180"}],"wp:term":[{"taxonomy":"category","embeddable":true,"href":"https:\/\/linitiative.ca\/International\/wp-json\/wp\/v2\/categories?post=80180"},{"taxonomy":"post_tag","embeddable":true,"href":"https:\/\/linitiative.ca\/International\/wp-json\/wp\/v2\/tags?post=80180"}],"curies":[{"name":"wp","href":"https:\/\/api.w.org\/{rel}","templated":true}]}}