{"id":80185,"date":"2020-03-25T11:57:00","date_gmt":"2020-03-25T15:57:00","guid":{"rendered":"https:\/\/linitiative.ca\/International\/karim-tabou-victime-dun-avc\/"},"modified":"2020-03-25T11:57:00","modified_gmt":"2020-03-25T15:57:00","slug":"karim-tabou-victime-dun-avc","status":"publish","type":"post","link":"https:\/\/linitiative.ca\/International\/karim-tabou-victime-dun-avc\/","title":{"rendered":"Karim Tabou  victime d\u2019un AVC"},"content":{"rendered":"<p><br id=\"sep_para_1\" class=\"sep_para access\"\/><\/p>\n<div id=\"para_1\" class=\"para_36147044 resize\">\n<div class=\"texte access firstletter\">Le militant Karim Tabbou a \u00e9t\u00e9 victime, mardi 24 mars, d\u2019un malaise au tribunal de Ruisseau \u00e0 Alger. Il a eu un pic de tension l\u2019ayant conduit \u00e0 des convulsions et une paralysie faciale, selon l\u2019un de ses avocats Abdelghani Badi. En effet, alors que sa sortie de prison \u00e9tait pr\u00e9vue pour aujourd\u2019hui, jeudi 26 mars 2020,\u00a0 Karim Tabbou reste en prison apr\u00e8s sa condamnation\u00a0 mardi \u00e0 un an de prison ferme \u00e0 la Cour d\u2019Alger, a indiqu\u00e9 son collectif des avocats. Mardi, le fr\u00e8re de Karim Tabbou a annonc\u00e9 via sa page Facebook que le tribunal de Ruisseau a programm\u00e9 le proc\u00e8s en appel sans m\u00eame l\u2019informer ni informer le collectif de d\u00e9fense. Le procureur g\u00e9n\u00e9ral de la cour d\u2019Alger, Ruisseau, a refus\u00e9 de recevoir une d\u00e9l\u00e9gation des avocats de la d\u00e9fense des d\u00e9tenus pr\u00e9sents en ce moment, juste apr\u00e8s avoir donn\u00e9 l\u2019alerte du proc\u00e8s sans informer les avocats, indique le CNLD.<\/div>\n<\/div>\n<p>Auteur: R\u00e9flexion<br \/>\n<a href=\"https:\/\/www.reflexiondz.net\/Karim-Tabou-victime-d-un-AVC_a61505.html\">Cliquez ici pour lire l&rsquo;article depuis sa source.<\/a><\/p>\n","protected":false},"excerpt":{"rendered":"<p>Le militant Karim Tabbou a \u00e9t\u00e9 victime, mardi 24 mars, d\u2019un malaise au tribunal de Ruisseau \u00e0 Alger. Il a eu un pic de tension l\u2019ayant conduit \u00e0 des convulsions et une paralysie faciale, selon l\u2019un de ses avocats Abdelghani Badi. En effet, alors que sa sortie de prison \u00e9tait pr\u00e9vue pour aujourd\u2019hui, jeudi 26 [&hellip;]<\/p>\n","protected":false},"author":1740,"featured_media":0,"comment_status":"closed","ping_status":"closed","sticky":false,"template":"","format":"standard","meta":{"fifu_image_url":"","fifu_image_alt":"","footnotes":""},"categories":[53,76],"tags":[],"class_list":["post-80185","post","type-post","status-publish","format-standard","hentry","category-algerie","category-regions"],"_links":{"self":[{"href":"https:\/\/linitiative.ca\/International\/wp-json\/wp\/v2\/posts\/80185","targetHints":{"allow":["GET"]}}],"collection":[{"href":"https:\/\/linitiative.ca\/International\/wp-json\/wp\/v2\/posts"}],"about":[{"href":"https:\/\/linitiative.ca\/International\/wp-json\/wp\/v2\/types\/post"}],"author":[{"embeddable":true,"href":"https:\/\/linitiative.ca\/International\/wp-json\/wp\/v2\/users\/1740"}],"replies":[{"embeddable":true,"href":"https:\/\/linitiative.ca\/International\/wp-json\/wp\/v2\/comments?post=80185"}],"version-history":[{"count":0,"href":"https:\/\/linitiative.ca\/International\/wp-json\/wp\/v2\/posts\/80185\/revisions"}],"wp:attachment":[{"href":"https:\/\/linitiative.ca\/International\/wp-json\/wp\/v2\/media?parent=80185"}],"wp:term":[{"taxonomy":"category","embeddable":true,"href":"https:\/\/linitiative.ca\/International\/wp-json\/wp\/v2\/categories?post=80185"},{"taxonomy":"post_tag","embeddable":true,"href":"https:\/\/linitiative.ca\/International\/wp-json\/wp\/v2\/tags?post=80185"}],"curies":[{"name":"wp","href":"https:\/\/api.w.org\/{rel}","templated":true}]}}