{"id":80186,"date":"2020-03-25T11:57:00","date_gmt":"2020-03-25T15:57:00","guid":{"rendered":"https:\/\/linitiative.ca\/International\/confinement-total-et-partiel-belhimer-instruit-la-presse-a-prendre-des-mesures\/"},"modified":"2020-03-25T11:57:00","modified_gmt":"2020-03-25T15:57:00","slug":"confinement-total-et-partiel-belhimer-instruit-la-presse-a-prendre-des-mesures","status":"publish","type":"post","link":"https:\/\/linitiative.ca\/International\/confinement-total-et-partiel-belhimer-instruit-la-presse-a-prendre-des-mesures\/","title":{"rendered":"CONFINEMENT TOTAL ET PARTIEL  : Belhimer instruit la presse  \u00e0 prendre des mesures"},"content":{"rendered":"<p><br id=\"sep_para_1\" class=\"sep_para access\"\/><\/p>\n<div id=\"para_1\" class=\"para_36147033 resize\">\n<div class=\"texte access firstletter\">Le ministre de la Communication, porte-parole du gouvernement, Amar Belhimer, a instruit la presse nationale d&rsquo;observer un certain nombre de mesures suite aux d\u00e9cisions de confinement total et partiel d\u00e9cid\u00e9es lundi par le Pr\u00e9sident de la R\u00e9publique, Abdelmadjid Tebboune lors de la r\u00e9union du Haut Conseil de s\u00e9curit\u00e9. \u00ab\u00a0Compte tenu de la situation sanitaire exceptionnelle que vit actuellement notre pays, Monsieur le Ministre de la Communication, porte-parole du Gouvernement, rappelle le caract\u00e8re strat\u00e9gique de mission de service public de l\u2019ensemble de la presse nationale (publique et priv\u00e9e), presse imprim\u00e9e, presse en ligne et presse audiovisuelle, ainsi que les personnels des imprimeries et les distributeurs de journaux\u00a0\u00bb, indique un communiqu\u00e9 du minist\u00e8re. M.Belhimer a soulign\u00e9, par la m\u00eame occasion \u00ab\u00a0le caract\u00e8re de proximit\u00e9 des correspondants locaux et des radios locales\u00a0\u00bb, relevant par cons\u00e9quent, que \u00ab\u00a0la presse nationale, \u00e0 l&rsquo;\u00e9chelle nationale et notamment au niveau local, maintiendra la continuit\u00e9 de ses missions d\u2019utilit\u00e9 publique en se faisant le relais des besoins et des pr\u00e9occupations de la population, des services de sant\u00e9, des forces de s\u00e9curit\u00e9, de la Protection civile et des autorit\u00e9s locales\u00a0\u00bb. Les personnels en activit\u00e9 circuleront, pour n\u00e9cessit\u00e9, de service, munis d&rsquo;un ordre de mission en bonne et due forme. L&rsquo;ordre de mission doit comporter une photo de la personne concern\u00e9e et doit \u00eatre accompagn\u00e9 d\u2019une copie de sa carte professionnelle (s&rsquo;agissant de la circulation de nuit pour Alger, du jour et de nuit pour Blida), ajoute le communiqu\u00e9. A cet effet, les directions des diff\u00e9rents m\u00e9dias \u00ab\u00a0doivent \u00e9tablir des listes pr\u00e9cises des personnels mobilis\u00e9s pour la r\u00e9alisation de leurs offres \u00e9ditoriales\u00a0\u00bb, qui\u00a0 seront \u00ab\u00a0transmises aux walis pour \u00e9tablir les autorisations de libre circulation n\u00e9cessaires valables pour dix (10) jours et renouvelables si n\u00e9cessaire\u00a0\u00bb.\u00a0<\/div>\n<\/div>\n<p>Auteur: Nadine<br \/>\n<a href=\"https:\/\/www.reflexiondz.net\/CONFINEMENT-TOTAL-ET-PARTIEL-Belhimer-instruit-la-presse-a-prendre-des-mesures_a61503.html\">Cliquez ici pour lire l&rsquo;article depuis sa source.<\/a><\/p>\n","protected":false},"excerpt":{"rendered":"<p>Le ministre de la Communication, porte-parole du gouvernement, Amar Belhimer, a instruit la presse nationale d&rsquo;observer un certain nombre de mesures suite aux d\u00e9cisions de confinement total et partiel d\u00e9cid\u00e9es lundi par le Pr\u00e9sident de la R\u00e9publique, Abdelmadjid Tebboune lors de la r\u00e9union du Haut Conseil de s\u00e9curit\u00e9. \u00ab\u00a0Compte tenu de la situation sanitaire exceptionnelle [&hellip;]<\/p>\n","protected":false},"author":1740,"featured_media":0,"comment_status":"closed","ping_status":"closed","sticky":false,"template":"","format":"standard","meta":{"fifu_image_url":"","fifu_image_alt":"","footnotes":""},"categories":[53,76],"tags":[],"class_list":["post-80186","post","type-post","status-publish","format-standard","hentry","category-algerie","category-regions"],"_links":{"self":[{"href":"https:\/\/linitiative.ca\/International\/wp-json\/wp\/v2\/posts\/80186","targetHints":{"allow":["GET"]}}],"collection":[{"href":"https:\/\/linitiative.ca\/International\/wp-json\/wp\/v2\/posts"}],"about":[{"href":"https:\/\/linitiative.ca\/International\/wp-json\/wp\/v2\/types\/post"}],"author":[{"embeddable":true,"href":"https:\/\/linitiative.ca\/International\/wp-json\/wp\/v2\/users\/1740"}],"replies":[{"embeddable":true,"href":"https:\/\/linitiative.ca\/International\/wp-json\/wp\/v2\/comments?post=80186"}],"version-history":[{"count":0,"href":"https:\/\/linitiative.ca\/International\/wp-json\/wp\/v2\/posts\/80186\/revisions"}],"wp:attachment":[{"href":"https:\/\/linitiative.ca\/International\/wp-json\/wp\/v2\/media?parent=80186"}],"wp:term":[{"taxonomy":"category","embeddable":true,"href":"https:\/\/linitiative.ca\/International\/wp-json\/wp\/v2\/categories?post=80186"},{"taxonomy":"post_tag","embeddable":true,"href":"https:\/\/linitiative.ca\/International\/wp-json\/wp\/v2\/tags?post=80186"}],"curies":[{"name":"wp","href":"https:\/\/api.w.org\/{rel}","templated":true}]}}