{"id":80189,"date":"2020-03-25T08:02:00","date_gmt":"2020-03-25T12:02:00","guid":{"rendered":"https:\/\/linitiative.ca\/International\/epidemie-covid-19-lettre-ouverte-au-president-macron\/"},"modified":"2020-03-25T08:02:00","modified_gmt":"2020-03-25T12:02:00","slug":"epidemie-covid-19-lettre-ouverte-au-president-macron","status":"publish","type":"post","link":"https:\/\/linitiative.ca\/International\/epidemie-covid-19-lettre-ouverte-au-president-macron\/","title":{"rendered":"\u00c9pid\u00e9mie Covid 19: Lettre ouverte au Pr\u00e9sident Macron"},"content":{"rendered":"<p><strong>Monsieur le Pr\u00e9sident Macron<\/strong><\/p>\n<p>Je vous \u00e9cris car l\u2019urgence sanitaire m\u2019oblige comme m\u00e9decin qui a mal aux tripes.<\/p>\n<p>Je vis maintenant \u00e0 l\u2019\u00e9tranger mais mes enfants, mes amis, mes confr\u00e8res et coll\u00e8gues des h\u00f4pitaux et cliniques sont en France ; n\u2019\u00e9tant pas mieux loti qu\u2019eux, je pense d\u2019abord \u00e0 eux.<\/p>\n<p>Aujourd\u2019hui, la situation sanitaire est grave. Nous sommes en guerre, vous l\u2019avez mainte fois r\u00e9p\u00e9t\u00e9.<\/p>\n<p>Et face \u00e0 cette guerre, \u00abl\u2019une des meilleures m\u00e9decine du monde\u00bb, se trouve affaiblie par 23 ann\u00e9es de politiques comptables hasardeuses.<\/p>\n<p>Monsieur le Pr\u00e9sident, vous avez ce \u00abtout petit suppl\u00e9ment d\u2019\u00e2me\u00bb pour faire de vous l\u2019homme de la situation. Alors de gr\u00e2ce, entourez-vous de \u00abg\u00e9n\u00e9raux\u00bb courageux, peu conformistes mais plus efficaces en temps de crise.<\/p>\n<p>C\u2019est dans les grands moments que les hommes font l\u2019Histoire.<\/p>\n<p>Plusieurs pays ont lourdement pay\u00e9 le prix du conformisme d\u2019Etat et de la frilosit\u00e9 de leurs dirigeants.<\/p>\n<p>Des hommes et des femmes meurent chaque jour en France. Nous avons atteint le nombre de morts \u00e9quivalent \u00e0 8 Bataclan, 10 Promenade des anglais et 100 Charlie Hebdo.<\/p>\n<p>Ce tueur n\u2019a pas d\u2019armes \u00e0 feux mais s\u2019attaque insidieusement \u00e0 nos corps. Ce virus finalement semble tester la capacit\u00e9 de r\u00e9activit\u00e9 et de cr\u00e9ativit\u00e9 de l\u2019\u00eatre humain.<\/p>\n<p>Sachons lui r\u00e9pondre fermement car notre humanit\u00e9 est en danger.<\/p>\n<p>Vous avez d\u00e9bloqu\u00e9 300 milliards d\u2019euros pour sauver l\u2019\u00e9conomie, c\u2019est bien, mais seulement 5 pour la recherche. Avons-nous vraiment compris la situation?<\/p>\n<p>Comme soignant, je vous demande de faire du d\u00e9pistage de masse, de confiner les malades dans des centres hospitaliers r\u00e9gionaux, sp\u00e9cialement et uniquement d\u00e9di\u00e9s aux malades du Covid-19 avec des soignants correctement test\u00e9s et prot\u00e9g\u00e9s. Il faut pouvoir soigner les malades avec le traitement \u00e0 base de Chloroquine qui semble \u00ab prometteur \u00bb et ceci, pr\u00e9cocement et non pas en phase tardive, comme curieusement pr\u00e9conis\u00e9.<\/p>\n<p>Certes ce traitement test\u00e9 par l\u2019\u00e9quipe du Pr Raoult de Marseille, de renomm\u00e9e mondiale, sort des r\u00e8gles scientifiques habituelles, n\u00e9anmoins il utilise des m\u00e9dicaments anciens ayant fait leur preuve.<\/p>\n<p>Il me parait \u00e9trange de s\u2019apercevoir aujourd\u2019hui d\u2019une toxicit\u00e9 pr\u00e9sum\u00e9e de la chloroquine, utilis\u00e9e pourtant depuis 70 ans, au moment o\u00f9 nous en avons besoin.<\/p>\n<p>Il est temps de d\u00e9passer les gu\u00e9guerres entre parisiens et provinciaux, entre conformistes et avantgardistes, entre malades et lobbys pharmaceutiques, pour mieux lutter contre cet ennemi commun qui n\u2019en a cure.<\/p>\n<p>A situation exceptionnelle, il faut des hommes d\u2019exception capables d\u2019outrepasser les r\u00e8gles habituellement suivies en temps de paix. Osons le moins pire !<\/p>\n<p>Mieux vaut donner \u00e0 un malade l\u2019espoir de vivre plut\u00f4t que la fatalit\u00e9 de mourir.<\/p>\n<p>Je vous sais trop humain pour que l\u2019humanit\u00e9 ne vous oblige\u2026<\/p>\n<p>Avec toute ma haute consid\u00e9ration<\/p>\n<p class=\"c2\"><strong>Dr Marouane Bouloudhnine<\/strong><br \/><em>Chirurgien orthop\u00e9diste<br \/>Ancien Secr\u00e9taire National du Syndicat<br \/>des Internes et Chefs de Clinique de France<\/em><br \/>\u00a0<\/p>\n<p>Auteur:<br \/>\n<a href=\"https:\/\/www.leaders.com.tn\/article\/29479-epidemie-covid-19-lettre-ouverte-au-president-macron\">Cliquez ici pour lire l&rsquo;article depuis sa source.<\/a><\/p>\n","protected":false},"excerpt":{"rendered":"<p>Monsieur le Pr\u00e9sident Macron Je vous \u00e9cris car l\u2019urgence sanitaire m\u2019oblige comme m\u00e9decin qui a mal aux tripes. Je vis maintenant \u00e0 l\u2019\u00e9tranger mais mes enfants, mes amis, mes confr\u00e8res et coll\u00e8gues des h\u00f4pitaux et cliniques sont en France ; n\u2019\u00e9tant pas mieux loti qu\u2019eux, je pense d\u2019abord \u00e0 eux. Aujourd\u2019hui, la situation sanitaire est [&hellip;]<\/p>\n","protected":false},"author":1772,"featured_media":0,"comment_status":"closed","ping_status":"closed","sticky":false,"template":"","format":"standard","meta":{"fifu_image_url":"","fifu_image_alt":"","footnotes":""},"categories":[73,55],"tags":[],"class_list":["post-80189","post","type-post","status-publish","format-standard","hentry","category-actualite","category-tunisie"],"_links":{"self":[{"href":"https:\/\/linitiative.ca\/International\/wp-json\/wp\/v2\/posts\/80189","targetHints":{"allow":["GET"]}}],"collection":[{"href":"https:\/\/linitiative.ca\/International\/wp-json\/wp\/v2\/posts"}],"about":[{"href":"https:\/\/linitiative.ca\/International\/wp-json\/wp\/v2\/types\/post"}],"author":[{"embeddable":true,"href":"https:\/\/linitiative.ca\/International\/wp-json\/wp\/v2\/users\/1772"}],"replies":[{"embeddable":true,"href":"https:\/\/linitiative.ca\/International\/wp-json\/wp\/v2\/comments?post=80189"}],"version-history":[{"count":0,"href":"https:\/\/linitiative.ca\/International\/wp-json\/wp\/v2\/posts\/80189\/revisions"}],"wp:attachment":[{"href":"https:\/\/linitiative.ca\/International\/wp-json\/wp\/v2\/media?parent=80189"}],"wp:term":[{"taxonomy":"category","embeddable":true,"href":"https:\/\/linitiative.ca\/International\/wp-json\/wp\/v2\/categories?post=80189"},{"taxonomy":"post_tag","embeddable":true,"href":"https:\/\/linitiative.ca\/International\/wp-json\/wp\/v2\/tags?post=80189"}],"curies":[{"name":"wp","href":"https:\/\/api.w.org\/{rel}","templated":true}]}}