{"id":80195,"date":"2020-03-25T14:19:19","date_gmt":"2020-03-25T18:19:19","guid":{"rendered":"https:\/\/linitiative.ca\/International\/gcam-a-la-rescousse-des-agriculteurs\/"},"modified":"2020-03-25T14:19:19","modified_gmt":"2020-03-25T18:19:19","slug":"gcam-a-la-rescousse-des-agriculteurs","status":"publish","type":"post","link":"https:\/\/linitiative.ca\/International\/gcam-a-la-rescousse-des-agriculteurs\/","title":{"rendered":"GCAM \u00e0 la rescousse des agriculteurs"},"content":{"rendered":"<p><strong>Le Groupe Cr\u00e9dit Agricole du Maroc (GCAM) a annonc\u00e9, mercredi, la mobilisation dans les jours \u00e0 venir d\u2019un ensemble de mesures pour all\u00e9ger l\u2019impact du d\u00e9ficit pluviom\u00e9trique de la campagne agricole 2019-2020.<\/strong><\/p>\n<div class=\"c10\"\/>\n<p>Ces mesures, qui seront initi\u00e9es en concertation avec le minist\u00e8re de l\u2019Agriculture, de la P\u00eache maritime, du D\u00e9veloppement rural et des Eaux et For\u00eats se d\u00e9clinent en trois axes, \u00e0 savoir \u00ab\u00a0le d\u00e9ploiement d\u2019une enveloppe suppl\u00e9mentaire de cr\u00e9dit de 1,5 milliard de DH\u00a0\u00bb, \u00ab\u00a0le retraitement de l\u2019endettement des agriculteurs pour leurs \u00e9ch\u00e9ances \u00e0 venir\u00a0\u00bb et \u00ab\u00a0le financement des importations de bl\u00e9 et d\u2019aliments de b\u00e9tail par les soci\u00e9t\u00e9s importatrices clientes\u00a0\u00bb.<\/p>\n<p>Ainsi, l\u2019enveloppe suppl\u00e9mentaire de cr\u00e9dit est r\u00e9partie sur le produit \u00ab\u00a0Laksiba\u00a0\u00bb (500 millions de DH) visant \u00e0 aider les \u00e9leveurs \u00e0 sauvegarder leur cheptel et acqu\u00e9rir l\u2019orge (2 DH\/Kg) mis \u00e0 leur disposition par les services du minist\u00e8re au niveau des diff\u00e9rents souks du Royaume, le produit \u00ab\u00a0Filaha Rabiiya\u00a0\u00bb (600 millions de DH) pour le financement des cultures printani\u00e8res (mara\u00eechage, ma\u00efs, tournesol, melon, past\u00e8que, \u2026), ainsi que sur le produit \u00ab\u00a0Al ghars\u00a0\u00bb (400 millions de DH) pour le financement et l\u2019entretien de l\u2019arboriculture.<\/p>\n<p>Par ailleurs, le GCAM souligne que les petits agriculteurs b\u00e9n\u00e9ficieront d\u2019un traitement automatique de leurs dossiers consistant en un report de leurs lignes de cr\u00e9dit \u00e0 court terme et un report avec d\u00e9calage d\u2019une ann\u00e9e des \u00e9ch\u00e9ances de leurs cr\u00e9dits \u00e0 moyen et long termes. Pour les autres agriculteurs, la situation de leur endettement sera examin\u00e9e, au cas par cas, et des facilit\u00e9s de paiement leur seront accord\u00e9es selon leur capacit\u00e9 de remboursement.<\/p>\n<p>Concernant le financement des importations de bl\u00e9 et d\u2019aliments de b\u00e9tail par les soci\u00e9t\u00e9s importatrices clientes, la banque facilitera les op\u00e9rations destin\u00e9es aux compl\u00e9ments d\u2019approvisionnement du march\u00e9 national. Le GCAM indique \u00e9galement, que compte tenu de la situation sanitaire d\u2019urgence engendr\u00e9e par la crise du Coronavirus, un dispositif particulier sera mis en place pour \u00e9viter l\u2019engorgement de ses agences, invitant sa client\u00e8le \u00e0 respecter les r\u00e8gles de comportement qui leur seront transmises (prise de rendez-vous par t\u00e9l\u00e9phone, patience et respect des files d\u2019attente \u00e0 l\u2019ext\u00e9rieur des agences, etc.).<\/p>\n<div class=\"c17\">\n<fieldset class=\"c16\">\n<legend><strong><span class=\"c11\">Challenge<\/span><span class=\"c12\">news<\/span><\/strong><\/legend>\n<div class=\"c15\">Le meilleur de Challenge s\u00e9lectionn\u00e9 par la r\u00e9daction :<\/p>\n<\/div>\n<\/fieldset>\n<\/div>\n<p>Auteur: challenge<br \/>\n<a href=\"https:\/\/www.challenge.ma\/gcam-a-la-rescousse-des-agriculteurs-134427\/\">Cliquez ici pour lire l&rsquo;article depuis sa source.<\/a><\/p>\n","protected":false},"excerpt":{"rendered":"<p>Le Groupe Cr\u00e9dit Agricole du Maroc (GCAM) a annonc\u00e9, mercredi, la mobilisation dans les jours \u00e0 venir d\u2019un ensemble de mesures pour all\u00e9ger l\u2019impact du d\u00e9ficit pluviom\u00e9trique de la campagne agricole 2019-2020. Ces mesures, qui seront initi\u00e9es en concertation avec le minist\u00e8re de l\u2019Agriculture, de la P\u00eache maritime, du D\u00e9veloppement rural et des Eaux et [&hellip;]<\/p>\n","protected":false},"author":1787,"featured_media":0,"comment_status":"closed","ping_status":"closed","sticky":false,"template":"","format":"standard","meta":{"fifu_image_url":"","fifu_image_alt":"","footnotes":""},"categories":[78,54],"tags":[],"class_list":["post-80195","post","type-post","status-publish","format-standard","hentry","category-economie","category-maroc"],"_links":{"self":[{"href":"https:\/\/linitiative.ca\/International\/wp-json\/wp\/v2\/posts\/80195","targetHints":{"allow":["GET"]}}],"collection":[{"href":"https:\/\/linitiative.ca\/International\/wp-json\/wp\/v2\/posts"}],"about":[{"href":"https:\/\/linitiative.ca\/International\/wp-json\/wp\/v2\/types\/post"}],"author":[{"embeddable":true,"href":"https:\/\/linitiative.ca\/International\/wp-json\/wp\/v2\/users\/1787"}],"replies":[{"embeddable":true,"href":"https:\/\/linitiative.ca\/International\/wp-json\/wp\/v2\/comments?post=80195"}],"version-history":[{"count":0,"href":"https:\/\/linitiative.ca\/International\/wp-json\/wp\/v2\/posts\/80195\/revisions"}],"wp:attachment":[{"href":"https:\/\/linitiative.ca\/International\/wp-json\/wp\/v2\/media?parent=80195"}],"wp:term":[{"taxonomy":"category","embeddable":true,"href":"https:\/\/linitiative.ca\/International\/wp-json\/wp\/v2\/categories?post=80195"},{"taxonomy":"post_tag","embeddable":true,"href":"https:\/\/linitiative.ca\/International\/wp-json\/wp\/v2\/tags?post=80195"}],"curies":[{"name":"wp","href":"https:\/\/api.w.org\/{rel}","templated":true}]}}