{"id":80196,"date":"2020-03-25T17:07:58","date_gmt":"2020-03-25T21:07:58","guid":{"rendered":"https:\/\/linitiative.ca\/International\/tunisie-qui-gere-le-fond-1818-le-chef-du-gouvernement-doit-trancher\/"},"modified":"2020-03-25T17:07:58","modified_gmt":"2020-03-25T21:07:58","slug":"tunisie-qui-gere-le-fond-1818-le-chef-du-gouvernement-doit-trancher","status":"publish","type":"post","link":"https:\/\/linitiative.ca\/International\/tunisie-qui-gere-le-fond-1818-le-chef-du-gouvernement-doit-trancher\/","title":{"rendered":"Tunisie \u2013 Qui g\u00e8re le fond 1818\u00a0? Le chef du gouvernement doit trancher\u00a0!"},"content":{"rendered":"<div class=\"post-cont-in left relative\">\n<p>Deux constats qui interpellent et qui demandent une intervention \u00e9nergique de la part de la pr\u00e9sidence du gouvernement.<\/p>\n<div class=\"code-block code-block-1 c3\"><ins class=\"adsbygoogle c2\" data-ad-layout=\"in-article\" data-ad-format=\"fluid\" data-ad-client=\"ca-pub-2102118777505746\" data-ad-slot=\"7301775417\"\/> <\/div>\n<p>Le premier est que malgr\u00e9 les nombreux dons et les sommes respectables collect\u00e9es sur le fond 1818, et qui sont sens\u00e9es \u00eatre utilis\u00e9es pour l\u2019achat d\u2019\u00e9quipements et de moyens de protection pour le personnel de sant\u00e9, absolument rien n\u2019a chang\u00e9 pour ce personnel, qui n\u2019a not\u00e9 aucune am\u00e9lioration dans l\u2019approvisionnement des services hospitaliers, notamment, ceux qui sont au front de la lutte contre le <a href=\"https:\/\/www.tunisienumerique.com\/tunisie-actualite\/coronavirus\/\" title=\"coronavirus\" target=\"_top\" class=\"auto-link\" rel=\"noopener noreferrer\">coronavirus<\/a>, que sont les services d\u2019urgence et de r\u00e9animation.<\/p>\n<p>Le deuxi\u00e8me constat et qui d\u00e9coule, automatiquement du premier, est que l\u2019on voit de plus en plus de personnes, et d\u2019organisations de tous genres qui sont en train de lancer des appels aux dons. Des dons qui seraient \u00e0 faire directement, pour le compte de certaines structures hospitali\u00e8res ou des associations scientifiques. Ce qui t\u00e9moigne d\u2019une d\u00e9fiance totale envers les appareils de l\u2019Etat, les gens ne voyant pas o\u00f9 sont pass\u00e9s les sommes d\u2019argent donn\u00e9es, et qui pr\u00e9f\u00e8rent, de ce fait, g\u00e9rer, eux-m\u00eames, les dons qu\u2019ils soient en nature ou en argent.<\/p>\n<p>D\u2019aucuns diraient que c\u2019est tant mieux, et que plus on aura de fonds, mieux \u00e7\u00e0 sera. Sauf que de cette mani\u00e8re, nous sommes en train de disperser un effort tr\u00e8s co\u00fbteux et nous risquons de n\u00e9gliger certains d\u00e9partements, ou, au contraire, nous pourrions nous trouver devant des double-financements pour une m\u00eame action.<\/p>\n<p>Cette situation n\u2019a que trop dur\u00e9, et l\u2019Etat devrait trancher dans cette affaire, et dans les plus brefs d\u00e9lais. En effet, il n\u2019y a pas plus d\u00e9sastreux, dans de telles situations, que le manque de confiance en les appareils de l\u2019Etat. Et comme le minist\u00e8re de la sant\u00e9 a \u00e9t\u00e9 incapable de g\u00e9rer avec ce qu\u2019il faut de transparence, le chef du gouvernement devrait d\u00e9signer un autre ordonnateur pour ces dons collect\u00e9s et qui se chiffrent par millions de dinars, en plus des budgets qui ont \u00e9t\u00e9 d\u00e9bloqu\u00e9s par l\u2019Etat.<\/p>\n<p>Et pourquoi pas, la commission nationale de pr\u00e9vention et de lutte contre les catastrophes et de l\u2019organisation des secours, que le chef du gouvernement a d\u00e9sign\u00e9e, hier, comme seul coordinateur de la lutte contre l\u2019\u00e9pid\u00e9mie. <a href=\"https:\/\/www.tunisienumerique.com\/tunisie-actualite\/elyes-fakhfakh\/\" title=\"Elyes Fakhfakh\" target=\"_top\" class=\"auto-link\" rel=\"noopener noreferrer\">Elyes Fakhfakh<\/a> gagnerait \u00e0 d\u00e9signer une personnalit\u00e9 nationale int\u00e8gre et comp\u00e9tente \u00e0 sa t\u00eate, et lui transf\u00e9rer les fonds mis \u00e0 la disposition des programmes de lutte contre l\u2019\u00e9pid\u00e9mie. Cette personnalit\u00e9 devant mettre en place un service financier capable de g\u00e9rer dans la l\u00e9galit\u00e9 et la transparence totales ces deniers, et en informer l\u2019opinion publique. Ce qui serait la seule fa\u00e7on d\u2019inciter, peut-\u00eatre, les citoyens \u00e0 faire plus de dons, si jamais la situation l\u2019exigerait.<\/p>\n<div class=\"swp_social_panel swp_horizontal_panel swp_flat_fresh swp_default_full_color swp_individual_full_color swp_other_full_color scale-100 scale-\" data-min-width=\"1100\" data-float-color=\"#ffffff\" data-float=\"bottom\" data-float-mobile=\"bottom\" data-transition=\"slide\">\n<div class=\"nc_tweetContainer swp_share_button total_shares total_sharesalt\"><span class=\"swp_count\">7 <span class=\"swp_label\">Partages<\/span><\/span><\/div>\n<\/div>\n<p><strong>Que se passe-t-il en Tunisie?<\/strong><br \/>Nous expliquons sur notre <a href=\"https:\/\/www.youtube.com\/channel\/UCRzypVq0B_yBad5eGrwBx0Q?sub_confirmation=1\" target=\"_blank\" rel=\"noopener noreferrer\">cha\u00eene YouTube<\/a> . <a href=\"https:\/\/www.youtube.com\/channel\/UCRzypVq0B_yBad5eGrwBx0Q?sub_confirmation=1\" target=\"_blank\" rel=\"noopener noreferrer\">Abonnez-vous!<\/a><\/p>\n<div class=\"mvp-org-wrap mvp-org-logo\" itemprop=\"publisher\" itemscope=\"\" itemtype=\"https:\/\/schema.org\/Organization\"><img decoding=\"async\" src=\"https:\/\/www.tunisienumerique.com\/wp-content\/uploads\/2017\/02\/logo_tunisie_numerique.png\"\/><\/div>\n<div class=\"mvp-related-posts left relative\">\n<h4 class=\"post-header\"><span class=\"post-header\">Lire aussi<\/span><\/h4>\n<\/div>\n<div id=\"article-ad\"><ins class=\"adsbygoogle c4\" data-ad-client=\"ca-pub-2102118777505746\" data-ad-slot=\"6513972734\" data-ad-format=\"auto\" data-full-width-responsive=\"true\"\/> <\/div>\n<\/div>\n<div id=\"post-sidebar-wrap\"><ins class=\"adsbygoogle c4\" data-ad-client=\"ca-pub-2102118777505746\" data-ad-slot=\"6168283410\" data-ad-format=\"auto\" data-full-width-responsive=\"true\"\/> <\/div>\n<p>Auteur: Saber .<br \/>\n<a href=\"https:\/\/www.tunisienumerique.com\/tunisie-qui-gere-le-fond-1818-le-chef-du-gouvernement-doit-trancher\/\">Cliquez ici pour lire l&rsquo;article depuis sa source.<\/a><\/p>\n","protected":false},"excerpt":{"rendered":"<p>Deux constats qui interpellent et qui demandent une intervention \u00e9nergique de la part de la pr\u00e9sidence du gouvernement. Le premier est que malgr\u00e9 les nombreux dons et les sommes respectables collect\u00e9es sur le fond 1818, et qui sont sens\u00e9es \u00eatre utilis\u00e9es pour l\u2019achat d\u2019\u00e9quipements et de moyens de protection pour le personnel de sant\u00e9, absolument [&hellip;]<\/p>\n","protected":false},"author":1789,"featured_media":80197,"comment_status":"closed","ping_status":"closed","sticky":false,"template":"","format":"standard","meta":{"fifu_image_url":"","fifu_image_alt":"","footnotes":""},"categories":[73,55],"tags":[],"class_list":["post-80196","post","type-post","status-publish","format-standard","has-post-thumbnail","hentry","category-actualite","category-tunisie"],"_links":{"self":[{"href":"https:\/\/linitiative.ca\/International\/wp-json\/wp\/v2\/posts\/80196","targetHints":{"allow":["GET"]}}],"collection":[{"href":"https:\/\/linitiative.ca\/International\/wp-json\/wp\/v2\/posts"}],"about":[{"href":"https:\/\/linitiative.ca\/International\/wp-json\/wp\/v2\/types\/post"}],"author":[{"embeddable":true,"href":"https:\/\/linitiative.ca\/International\/wp-json\/wp\/v2\/users\/1789"}],"replies":[{"embeddable":true,"href":"https:\/\/linitiative.ca\/International\/wp-json\/wp\/v2\/comments?post=80196"}],"version-history":[{"count":0,"href":"https:\/\/linitiative.ca\/International\/wp-json\/wp\/v2\/posts\/80196\/revisions"}],"wp:featuredmedia":[{"embeddable":true,"href":"https:\/\/linitiative.ca\/International\/wp-json\/"}],"wp:attachment":[{"href":"https:\/\/linitiative.ca\/International\/wp-json\/wp\/v2\/media?parent=80196"}],"wp:term":[{"taxonomy":"category","embeddable":true,"href":"https:\/\/linitiative.ca\/International\/wp-json\/wp\/v2\/categories?post=80196"},{"taxonomy":"post_tag","embeddable":true,"href":"https:\/\/linitiative.ca\/International\/wp-json\/wp\/v2\/tags?post=80196"}],"curies":[{"name":"wp","href":"https:\/\/api.w.org\/{rel}","templated":true}]}}