{"id":80198,"date":"2020-03-25T17:16:31","date_gmt":"2020-03-25T21:16:31","guid":{"rendered":"https:\/\/linitiative.ca\/International\/coronavirus-un-joueur-de-fenerbahce-confirme-positif\/"},"modified":"2020-03-25T17:16:31","modified_gmt":"2020-03-25T21:16:31","slug":"coronavirus-un-joueur-de-fenerbahce-confirme-positif","status":"publish","type":"post","link":"https:\/\/linitiative.ca\/International\/coronavirus-un-joueur-de-fenerbahce-confirme-positif\/","title":{"rendered":"Coronavirus :\u00a0 Un joueur de Fenerbah\u00e7e confirm\u00e9 positif"},"content":{"rendered":"<div class=\"post-cont-in left relative\">\n<div class=\"heateor_sss_sharing_container heateor_sss_horizontal_sharing\" heateor-sss-data-href=\"https:\/\/sport.tunisienumerique.com\/coronavirus-un-joueur-de-fenerbahce-confirme-positif\/\">\n<div class=\"heateor_sss_sharing_title c4\">Cet article vous a \u00e9t\u00e9 utile? Partagez le, il int\u00e9ressera d\u2019autres personnes. Merci!<\/div>\n<ul class=\"heateor_sss_sharing_ul\">\n<li class=\"heateorSssSharingRound\"><em alt=\"Facebook\" title=\"Facebook\" class=\"heateorSssSharing heateorSssFacebookBackground c5\" onclick=\"heateorSssPopup(&quot;https:\/\/www.facebook.com\/sharer\/sharer.php?u=https%3A%2F%2Fsport.tunisienumerique.com%2Fcoronavirus-un-joueur-de-fenerbahce-confirme-positif%2F&quot;)\">\u00a0<\/em><\/li>\n<li class=\"heateorSssSharingRound\"><em alt=\"Twitter\" title=\"Twitter\" class=\"heateorSssSharing heateorSssTwitterBackground c5\" onclick=\"heateorSssPopup(&quot;http:\/\/twitter.com\/intent\/tweet?text=Coronavirus%20%3A%C2%A0%20Un%20joueur%20de%20Fenerbah%C3%A7e%20confirm%C3%A9%20positif&amp;url=https%3A%2F%2Fsport.tunisienumerique.com%2Fcoronavirus-un-joueur-de-fenerbahce-confirme-positif%2F&quot;)\">\u00a0<\/em><\/li>\n<li class=\"heateorSssSharingRound\"><em alt=\"Linkedin\" title=\"Linkedin\" class=\"heateorSssSharing heateorSssLinkedinBackground c5\" onclick=\"heateorSssPopup(&quot;http:\/\/www.linkedin.com\/shareArticle?mini=true&amp;url=https%3A%2F%2Fsport.tunisienumerique.com%2Fcoronavirus-un-joueur-de-fenerbahce-confirme-positif%2F&amp;title=Coronavirus%20%3A%C2%A0%20Un%20joueur%20de%20Fenerbah%C3%A7e%20confirm%C3%A9%20positif&quot;)\">\u00a0<\/em><\/li>\n<li class=\"heateorSssSharingRound\"><em alt=\"Google Gmail\" title=\"Google Gmail\" class=\"heateorSssSharing heateorSssGoogleGmailBackground c5\" onclick=\"heateorSssPopup(&quot;https:\/\/mail.google.com\/mail\/?ui=2&amp;view=cm&amp;fs=1&amp;tf=1&amp;su=Coronavirus%20%3A%C2%A0%20Un%20joueur%20de%20Fenerbah%C3%A7e%20confirm%C3%A9%20positif&amp;body=Link:https%3A%2F%2Fsport.tunisienumerique.com%2Fcoronavirus-un-joueur-de-fenerbahce-confirme-positif%2F&quot;)\">\u00a0<\/em><\/li>\n<li class=\"heateorSssSharingRound\"><em alt=\"Whatsapp\" title=\"Whatsapp\" class=\"heateorSssSharing heateorSssWhatsappBackground c5\"><a href=\"https:\/\/web.whatsapp.com\/send?text=Coronavirus%20%3A%C2%A0%20Un%20joueur%20de%20Fenerbah%C3%A7e%20confirm%C3%A9%20positif%20https%3A%2F%2Fsport.tunisienumerique.com%2Fcoronavirus-un-joueur-de-fenerbahce-confirme-positif%2F\" rel=\"nofollow noopener noreferrer\" target=\"_blank\">\u00a0<\/a><\/em><\/li>\n<li class=\"heateorSssSharingRound\">\u00a0<\/li>\n<\/ul>\n<\/div>\n<p dir=\"ltr\">Le club turc du Fenerbah\u00e7e vient d\u2019annoncer qu\u2019un joueur professionnel de l\u2019\u00e9quipe A et qu\u2019un membre du staff m\u00e9dical ont \u00e9t\u00e9 condamn\u00e9s par coronavirus.<\/p>\n<p dir=\"ltr\">Dans une br\u00e8ve d\u00e9claration, le Fenerbah\u00e7e vient de confirmer, mercredi, la pr\u00e9sence du Covid-19 au sein de l\u2019\u00e9quipe A de football apr\u00e8s les tests effectu\u00e9s au sein de l\u2019encadrement complet de la formation stambouliote.<\/p>\n<div class=\"code-block code-block-1 c7\"><ins class=\"adsbygoogle c6\" data-ad-layout=\"in-article\" data-ad-format=\"fluid\" data-ad-client=\"ca-pub-2102118777505746\" data-ad-slot=\"7301775417\"\/> <\/div>\n<p dir=\"ltr\">\u00ab Tous nos joueurs de l\u2019\u00e9quipe A de football, tous nos dirigeants ainsi que tous les \u00e9l\u00e9ments de l\u2019encadrement ont pass\u00e9 ce jour des tests m\u00e9dicaux dans notre complexe de Samandira Can Bartu. Le nouveau type coronavirus (Covid-19) a \u00e9t\u00e9 d\u00e9tect\u00e9 chez un de nos joueurs professionnel ainsi qu\u2019un membre du staff m\u00e9dical\u00bb, indique le communiqu\u00e9 de presse du club turc.<\/p>\n<p dir=\"ltr\">Le Fenerbah\u00e7e a indiqu\u00e9 avoir pris toutes les dispositions pour l\u2019hospitalisation du footballeur ainsi que du salari\u00e9 en question.<\/p>\n<p><\/p>\n<div class=\"heateor_sss_sharing_container heateor_sss_horizontal_sharing\" heateor-sss-data-href=\"https:\/\/sport.tunisienumerique.com\/coronavirus-un-joueur-de-fenerbahce-confirme-positif\/\">\n<div class=\"heateor_sss_sharing_title c4\">Cet article vous a \u00e9t\u00e9 utile? Partagez le, il int\u00e9ressera d\u2019autres personnes. Merci!<\/div>\n<ul class=\"heateor_sss_sharing_ul\">\n<li class=\"heateorSssSharingRound\"><em alt=\"Facebook\" title=\"Facebook\" class=\"heateorSssSharing heateorSssFacebookBackground c5\" onclick=\"heateorSssPopup(&quot;https:\/\/www.facebook.com\/sharer\/sharer.php?u=https%3A%2F%2Fsport.tunisienumerique.com%2Fcoronavirus-un-joueur-de-fenerbahce-confirme-positif%2F&quot;)\">\u00a0<\/em><\/li>\n<li class=\"heateorSssSharingRound\"><em alt=\"Twitter\" title=\"Twitter\" class=\"heateorSssSharing heateorSssTwitterBackground c5\" onclick=\"heateorSssPopup(&quot;http:\/\/twitter.com\/intent\/tweet?text=Coronavirus%20%3A%C2%A0%20Un%20joueur%20de%20Fenerbah%C3%A7e%20confirm%C3%A9%20positif&amp;url=https%3A%2F%2Fsport.tunisienumerique.com%2Fcoronavirus-un-joueur-de-fenerbahce-confirme-positif%2F&quot;)\">\u00a0<\/em><\/li>\n<li class=\"heateorSssSharingRound\"><em alt=\"Linkedin\" title=\"Linkedin\" class=\"heateorSssSharing heateorSssLinkedinBackground c5\" onclick=\"heateorSssPopup(&quot;http:\/\/www.linkedin.com\/shareArticle?mini=true&amp;url=https%3A%2F%2Fsport.tunisienumerique.com%2Fcoronavirus-un-joueur-de-fenerbahce-confirme-positif%2F&amp;title=Coronavirus%20%3A%C2%A0%20Un%20joueur%20de%20Fenerbah%C3%A7e%20confirm%C3%A9%20positif&quot;)\">\u00a0<\/em><\/li>\n<li class=\"heateorSssSharingRound\"><em alt=\"Google Gmail\" title=\"Google Gmail\" class=\"heateorSssSharing heateorSssGoogleGmailBackground c5\" onclick=\"heateorSssPopup(&quot;https:\/\/mail.google.com\/mail\/?ui=2&amp;view=cm&amp;fs=1&amp;tf=1&amp;su=Coronavirus%20%3A%C2%A0%20Un%20joueur%20de%20Fenerbah%C3%A7e%20confirm%C3%A9%20positif&amp;body=Link:https%3A%2F%2Fsport.tunisienumerique.com%2Fcoronavirus-un-joueur-de-fenerbahce-confirme-positif%2F&quot;)\">\u00a0<\/em><\/li>\n<li class=\"heateorSssSharingRound\"><em alt=\"Whatsapp\" title=\"Whatsapp\" class=\"heateorSssSharing heateorSssWhatsappBackground c5\"><a href=\"https:\/\/web.whatsapp.com\/send?text=Coronavirus%20%3A%C2%A0%20Un%20joueur%20de%20Fenerbah%C3%A7e%20confirm%C3%A9%20positif%20https%3A%2F%2Fsport.tunisienumerique.com%2Fcoronavirus-un-joueur-de-fenerbahce-confirme-positif%2F\" rel=\"nofollow noopener noreferrer\" target=\"_blank\">\u00a0<\/a><\/em><\/li>\n<li class=\"heateorSssSharingRound\">\u00a0<\/li>\n<\/ul>\n<\/div>\n<div class=\"mvp-org-wrap mvp-org-logo\" itemprop=\"publisher\" itemscope=\"\" itemtype=\"https:\/\/schema.org\/Organization\"><img decoding=\"async\" src=\"https:\/\/sport.tunisienumerique.com\/wp-content\/uploads\/2017\/05\/logo_tunisie_numerique.png\"\/><\/div>\n<div class=\"mvp-related-posts left relative\">\n<h4 class=\"post-header\"><span class=\"post-header\">Lire aussi<\/span><\/h4>\n<\/div>\n<div id=\"article-ad\"><ins class=\"adsbygoogle c8\" data-ad-client=\"ca-pub-2102118777505746\" data-ad-slot=\"6513972734\" data-ad-format=\"auto\" data-full-width-responsive=\"true\"\/> <\/div>\n<\/div>\n<div id=\"post-sidebar-wrap\"><ins class=\"adsbygoogle c8\" data-ad-client=\"ca-pub-2102118777505746\" data-ad-slot=\"6513972734\" data-ad-format=\"auto\" data-full-width-responsive=\"true\"\/> <\/div>\n<p>Auteur:<br \/>\n<a href=\"https:\/\/sport.tunisienumerique.com\/coronavirus-un-joueur-de-fenerbahce-confirme-positif\/\">Cliquez ici pour lire l&rsquo;article depuis sa source.<\/a><\/p>\n","protected":false},"excerpt":{"rendered":"<p>Cet article vous a \u00e9t\u00e9 utile? Partagez le, il int\u00e9ressera d\u2019autres personnes. Merci! \u00a0 \u00a0 \u00a0 \u00a0 \u00a0 \u00a0 Le club turc du Fenerbah\u00e7e vient d\u2019annoncer qu\u2019un joueur professionnel de l\u2019\u00e9quipe A et qu\u2019un membre du staff m\u00e9dical ont \u00e9t\u00e9 condamn\u00e9s par coronavirus. Dans une br\u00e8ve d\u00e9claration, le Fenerbah\u00e7e vient de confirmer, mercredi, la pr\u00e9sence [&hellip;]<\/p>\n","protected":false},"author":1789,"featured_media":80199,"comment_status":"closed","ping_status":"closed","sticky":false,"template":"","format":"standard","meta":{"fifu_image_url":"","fifu_image_alt":"","footnotes":""},"categories":[73,55],"tags":[],"class_list":["post-80198","post","type-post","status-publish","format-standard","has-post-thumbnail","hentry","category-actualite","category-tunisie"],"_links":{"self":[{"href":"https:\/\/linitiative.ca\/International\/wp-json\/wp\/v2\/posts\/80198","targetHints":{"allow":["GET"]}}],"collection":[{"href":"https:\/\/linitiative.ca\/International\/wp-json\/wp\/v2\/posts"}],"about":[{"href":"https:\/\/linitiative.ca\/International\/wp-json\/wp\/v2\/types\/post"}],"author":[{"embeddable":true,"href":"https:\/\/linitiative.ca\/International\/wp-json\/wp\/v2\/users\/1789"}],"replies":[{"embeddable":true,"href":"https:\/\/linitiative.ca\/International\/wp-json\/wp\/v2\/comments?post=80198"}],"version-history":[{"count":0,"href":"https:\/\/linitiative.ca\/International\/wp-json\/wp\/v2\/posts\/80198\/revisions"}],"wp:featuredmedia":[{"embeddable":true,"href":"https:\/\/linitiative.ca\/International\/wp-json\/"}],"wp:attachment":[{"href":"https:\/\/linitiative.ca\/International\/wp-json\/wp\/v2\/media?parent=80198"}],"wp:term":[{"taxonomy":"category","embeddable":true,"href":"https:\/\/linitiative.ca\/International\/wp-json\/wp\/v2\/categories?post=80198"},{"taxonomy":"post_tag","embeddable":true,"href":"https:\/\/linitiative.ca\/International\/wp-json\/wp\/v2\/tags?post=80198"}],"curies":[{"name":"wp","href":"https:\/\/api.w.org\/{rel}","templated":true}]}}