{"id":80200,"date":"2020-03-25T17:22:40","date_gmt":"2020-03-25T21:22:40","guid":{"rendered":"https:\/\/linitiative.ca\/International\/tunisie-fermeture-dune-clinique-privee-a-sousse-apres-la-contamination-dune-infirmiere\/"},"modified":"2020-03-25T17:22:40","modified_gmt":"2020-03-25T21:22:40","slug":"tunisie-fermeture-dune-clinique-privee-a-sousse-apres-la-contamination-dune-infirmiere","status":"publish","type":"post","link":"https:\/\/linitiative.ca\/International\/tunisie-fermeture-dune-clinique-privee-a-sousse-apres-la-contamination-dune-infirmiere\/","title":{"rendered":"Tunisie \u2013 Fermeture d\u2019une clinique priv\u00e9e \u00e0 Sousse apr\u00e8s la contamination d\u2019une infirmi\u00e8re"},"content":{"rendered":"<div class=\"post-cont-in left relative\">\n<p>Le directeur r\u00e9gional de la sant\u00e9 \u00e0 Sousse a annonc\u00e9 qu\u2019une clinique de la ville vient d\u2019\u00eatre ferm\u00e9e, en vue d\u2019une d\u00e9sinfection g\u00e9n\u00e9rale, et son personnel soumis \u00e0 des tests de d\u00e9pistage du <a href=\"https:\/\/www.tunisienumerique.com\/tunisie-actualite\/coronavirus\/\" title=\"coronavirus\" target=\"_top\" class=\"auto-link\" rel=\"noopener noreferrer\">coronavirus<\/a>. Et ce, suite \u00e0 la d\u00e9couverte de l\u2019infection au virus d\u2019une des infirmi\u00e8res exer\u00e7ant au sein de cet \u00e9tablissement.<\/p>\n<div class=\"code-block code-block-1 c3\"><ins class=\"adsbygoogle c2\" data-ad-layout=\"in-article\" data-ad-format=\"fluid\" data-ad-client=\"ca-pub-2102118777505746\" data-ad-slot=\"7301775417\"\/> <\/div>\n<div class=\"swp_social_panel swp_horizontal_panel swp_flat_fresh swp_default_full_color swp_individual_full_color swp_other_full_color scale-100 scale-\" data-min-width=\"1100\" data-float-color=\"#ffffff\" data-float=\"bottom\" data-float-mobile=\"bottom\" data-transition=\"slide\">\n<div class=\"nc_tweetContainer swp_share_button total_shares total_sharesalt\"><span class=\"swp_count\">0 <span class=\"swp_label\">Partages<\/span><\/span><\/div>\n<\/div>\n<p><strong>Que se passe-t-il en Tunisie?<\/strong><br \/>Nous expliquons sur notre <a href=\"https:\/\/www.youtube.com\/channel\/UCRzypVq0B_yBad5eGrwBx0Q?sub_confirmation=1\" target=\"_blank\" rel=\"noopener noreferrer\">cha\u00eene YouTube<\/a> . <a href=\"https:\/\/www.youtube.com\/channel\/UCRzypVq0B_yBad5eGrwBx0Q?sub_confirmation=1\" target=\"_blank\" rel=\"noopener noreferrer\">Abonnez-vous!<\/a><\/p>\n<div class=\"mvp-org-wrap mvp-org-logo\" itemprop=\"publisher\" itemscope=\"\" itemtype=\"https:\/\/schema.org\/Organization\"><img decoding=\"async\" src=\"https:\/\/www.tunisienumerique.com\/wp-content\/uploads\/2017\/02\/logo_tunisie_numerique.png\"\/><\/div>\n<div class=\"mvp-related-posts left relative\">\n<h4 class=\"post-header\"><span class=\"post-header\">Lire aussi<\/span><\/h4>\n<\/div>\n<div id=\"article-ad\"><ins class=\"adsbygoogle c4\" data-ad-client=\"ca-pub-2102118777505746\" data-ad-slot=\"6513972734\" data-ad-format=\"auto\" data-full-width-responsive=\"true\"\/> <\/div>\n<\/div>\n<div id=\"post-sidebar-wrap\"><ins class=\"adsbygoogle c4\" data-ad-client=\"ca-pub-2102118777505746\" data-ad-slot=\"6168283410\" data-ad-format=\"auto\" data-full-width-responsive=\"true\"\/> <\/div>\n<p>Auteur: LM<br \/>\n<a href=\"https:\/\/www.tunisienumerique.com\/tunisie-fermeture-dune-clinique-privee-a-sousse-apres-la-contamination-dune-infirmiere\/\">Cliquez ici pour lire l&rsquo;article depuis sa source.<\/a><\/p>\n","protected":false},"excerpt":{"rendered":"<p>Le directeur r\u00e9gional de la sant\u00e9 \u00e0 Sousse a annonc\u00e9 qu\u2019une clinique de la ville vient d\u2019\u00eatre ferm\u00e9e, en vue d\u2019une d\u00e9sinfection g\u00e9n\u00e9rale, et son personnel soumis \u00e0 des tests de d\u00e9pistage du coronavirus. Et ce, suite \u00e0 la d\u00e9couverte de l\u2019infection au virus d\u2019une des infirmi\u00e8res exer\u00e7ant au sein de cet \u00e9tablissement. 0 Partages [&hellip;]<\/p>\n","protected":false},"author":1789,"featured_media":80201,"comment_status":"closed","ping_status":"closed","sticky":false,"template":"","format":"standard","meta":{"fifu_image_url":"","fifu_image_alt":"","footnotes":""},"categories":[73,55],"tags":[],"class_list":["post-80200","post","type-post","status-publish","format-standard","has-post-thumbnail","hentry","category-actualite","category-tunisie"],"_links":{"self":[{"href":"https:\/\/linitiative.ca\/International\/wp-json\/wp\/v2\/posts\/80200","targetHints":{"allow":["GET"]}}],"collection":[{"href":"https:\/\/linitiative.ca\/International\/wp-json\/wp\/v2\/posts"}],"about":[{"href":"https:\/\/linitiative.ca\/International\/wp-json\/wp\/v2\/types\/post"}],"author":[{"embeddable":true,"href":"https:\/\/linitiative.ca\/International\/wp-json\/wp\/v2\/users\/1789"}],"replies":[{"embeddable":true,"href":"https:\/\/linitiative.ca\/International\/wp-json\/wp\/v2\/comments?post=80200"}],"version-history":[{"count":0,"href":"https:\/\/linitiative.ca\/International\/wp-json\/wp\/v2\/posts\/80200\/revisions"}],"wp:featuredmedia":[{"embeddable":true,"href":"https:\/\/linitiative.ca\/International\/wp-json\/"}],"wp:attachment":[{"href":"https:\/\/linitiative.ca\/International\/wp-json\/wp\/v2\/media?parent=80200"}],"wp:term":[{"taxonomy":"category","embeddable":true,"href":"https:\/\/linitiative.ca\/International\/wp-json\/wp\/v2\/categories?post=80200"},{"taxonomy":"post_tag","embeddable":true,"href":"https:\/\/linitiative.ca\/International\/wp-json\/wp\/v2\/tags?post=80200"}],"curies":[{"name":"wp","href":"https:\/\/api.w.org\/{rel}","templated":true}]}}