{"id":80202,"date":"2020-03-25T13:35:34","date_gmt":"2020-03-25T17:35:34","guid":{"rendered":"https:\/\/linitiative.ca\/International\/massacre-de-soldats-dans-le-lac-tchad\/"},"modified":"2020-03-25T13:35:34","modified_gmt":"2020-03-25T17:35:34","slug":"massacre-de-soldats-dans-le-lac-tchad","status":"publish","type":"post","link":"https:\/\/linitiative.ca\/International\/massacre-de-soldats-dans-le-lac-tchad\/","title":{"rendered":"MASSACRE DE SOLDATS DANS LE LAC TCHAD"},"content":{"rendered":"<div class=\"stream-item stream-item-above-post-content\">\n<p><noscript><\/p>\n<p><a href=\"\/\/www3.smartadserver.com\/ac?jump=1&amp;nwid=2136&amp;siteid=240610&amp;pgname=rg&amp;fmtid=49046&amp;visit=m&amp;tmstp=[timestamp]&amp;out=nonrich\" target=\"_blank\" rel=\"noopener noreferrer\"><img decoding=\"async\" src=\"http:\/\/www3.smartadserver.com\/ac?out=nonrich&amp;nwid=2136&amp;siteid=240610&amp;pgname=rg&amp;fmtid=49046&amp;visit=m&amp;tmstp=[timestamp]\" border=\"0\" alt=\"\"\/><\/a><\/p>\n<p><\/noscript><\/div>\n<p class=\"c3\"><em>Comme si l\u2019\u00e9pid\u00e9mie du coronavirus qui \u00e9branle bien des pays africains, ne suffisait pas, les terroristes ont fait le choix d\u2019en rajouter en faisant, une fois de plus, parler la poudre. En effet, une embuscade tendue dans la r\u00e9gion du Konduga, dans le Nord-Est du Nigeria, a co\u00fbt\u00e9 la vie \u00e0 au moins 70 soldats. Et ce n\u2019est pas tout. Car, dans la foul\u00e9e, pr\u00e8s d\u2019une centaine de soldats tchadiens ont \u00e9t\u00e9 aussi trucid\u00e9s au cours d\u2019un violent affrontement avec les djihadistes. Ces bilans, pour le moins effroyables, se pr\u00e9sentent comme deux des plus lourdes pertes enregistr\u00e9es respectivement par les arm\u00e9es nig\u00e9riane et tchadienne.\u00a0 En pareilles circonstances et en l\u2019absence de revendication, tous les regards sont tourn\u00e9s vers Boko Haram, du nom de ce mouvement islamiste insurg\u00e9 qui, depuis maintenant une d\u00e9cennie, \u00e9cume le bassin du Lac Tchad quand il ne tente pas de mettre sous coupe r\u00e9gl\u00e9e certains pays environnants. Par cette attaque d\u2019envergure, Boko Haram dont on disait \u00e0 tort ou \u00e0 raison que la voilure a \u00e9t\u00e9 r\u00e9duite face aux coups de boutoir de la Force multinationale mixte (FMM), vient rappeler aux uns et aux autres qu\u2019il faudra toujours compter avec lui. Que ceux qui l\u2019avaient donn\u00e9 pour mort, se ravisent. Le chacal est toujours l\u00e0 et dispose toujours d\u2019une forte capacit\u00e9 de nuisance. A preuve, il vient de frapper l\u00e0 o\u00f9 et au moment o\u00f9 on l\u2019attendait le moins.<\/em><\/p>\n<p class=\"c3\"><strong><em>Il faut garder l\u2019arme au pied<\/em><\/strong><\/p>\n<p class=\"c3\"><em>En tout cas, hormis le Niger avec le carnage de Chinagoder en d\u00e9but janvier, qui avait co\u00fbt\u00e9 la vie \u00e0 89 soldats, jamais un pays ouest-africain n\u2019avait encore subi pareil revers qui sonne comme un pied de nez.<\/em> <em>C\u2019est le lieu donc d\u2019en appeler \u00e0 un sursaut d\u2019orgueil de la part des arm\u00e9es nig\u00e9riane et tchadienne qui donnent finalement l\u2019impression de s\u2019\u00eatre laiss\u00e9es griser par leurs victoires pr\u00e9c\u00e9dentes. Cela est d\u2019autant plus n\u00e9cessaire que c\u2019est sur l\u2019arm\u00e9e tchadienne que les uns et les autres reposent leurs espoirs de voir chass\u00e9s les terroristes de la zone des trois fronti\u00e8res entre le Burkina, le Niger et le Mali, appel\u00e9e \u00ab triangle de la mort \u00bb. Cela dit, au-del\u00e0 du Nigeria et du Tchad, ces nouvelles attaques viennent rappeler toute la n\u00e9cessit\u00e9 de faire de la lutte contre l\u2019ins\u00e9curit\u00e9, un combat permanent. Car, en la mati\u00e8re, la moindre h\u00e9sitation se paie cash, avec toutes les cons\u00e9quences qui vont avec. Il faut donc garder l\u2019arme au pied. Surtout qu\u2019apr\u00e8s le Nigeria, personne ne sait sur quel pays, les ing\u00e9nieurs du mal jeteront leur d\u00e9volu.<\/em><\/p>\n<p class=\"c3\"><strong><em>B.O<\/em><\/strong><\/p>\n<p>Auteur: Le Pays<br \/>\n<a href=\"http:\/\/lepays.bf\/massacre-de-soldats-dans-le-lac-tchad-2\/\">Cliquez ici pour lire l&rsquo;article depuis sa source.<\/a><\/p>\n","protected":false},"excerpt":{"rendered":"<p>Comme si l\u2019\u00e9pid\u00e9mie du coronavirus qui \u00e9branle bien des pays africains, ne suffisait pas, les terroristes ont fait le choix d\u2019en rajouter en faisant, une fois de plus, parler la poudre. En effet, une embuscade tendue dans la r\u00e9gion du Konduga, dans le Nord-Est du Nigeria, a co\u00fbt\u00e9 la vie \u00e0 au moins 70 soldats. [&hellip;]<\/p>\n","protected":false},"author":1813,"featured_media":0,"comment_status":"closed","ping_status":"closed","sticky":false,"template":"","format":"standard","meta":{"fifu_image_url":"","fifu_image_alt":"","footnotes":""},"categories":[73,81],"tags":[],"class_list":["post-80202","post","type-post","status-publish","format-standard","hentry","category-actualite","category-burkina-faso"],"_links":{"self":[{"href":"https:\/\/linitiative.ca\/International\/wp-json\/wp\/v2\/posts\/80202","targetHints":{"allow":["GET"]}}],"collection":[{"href":"https:\/\/linitiative.ca\/International\/wp-json\/wp\/v2\/posts"}],"about":[{"href":"https:\/\/linitiative.ca\/International\/wp-json\/wp\/v2\/types\/post"}],"author":[{"embeddable":true,"href":"https:\/\/linitiative.ca\/International\/wp-json\/wp\/v2\/users\/1813"}],"replies":[{"embeddable":true,"href":"https:\/\/linitiative.ca\/International\/wp-json\/wp\/v2\/comments?post=80202"}],"version-history":[{"count":0,"href":"https:\/\/linitiative.ca\/International\/wp-json\/wp\/v2\/posts\/80202\/revisions"}],"wp:attachment":[{"href":"https:\/\/linitiative.ca\/International\/wp-json\/wp\/v2\/media?parent=80202"}],"wp:term":[{"taxonomy":"category","embeddable":true,"href":"https:\/\/linitiative.ca\/International\/wp-json\/wp\/v2\/categories?post=80202"},{"taxonomy":"post_tag","embeddable":true,"href":"https:\/\/linitiative.ca\/International\/wp-json\/wp\/v2\/tags?post=80202"}],"curies":[{"name":"wp","href":"https:\/\/api.w.org\/{rel}","templated":true}]}}