{"id":80203,"date":"2020-03-25T13:39:05","date_gmt":"2020-03-25T17:39:05","guid":{"rendered":"https:\/\/linitiative.ca\/International\/gestes-de-generosite-doperateurs-economiques-contre-le-covid-19\/"},"modified":"2020-03-25T13:39:05","modified_gmt":"2020-03-25T17:39:05","slug":"gestes-de-generosite-doperateurs-economiques-contre-le-covid-19","status":"publish","type":"post","link":"https:\/\/linitiative.ca\/International\/gestes-de-generosite-doperateurs-economiques-contre-le-covid-19\/","title":{"rendered":"GESTES DE GENEROSITE D\u2019OPERATEURS ECONOMIQUES CONTRE LE COVID-19"},"content":{"rendered":"<div class=\"stream-item stream-item-above-post-content\">\n<p><noscript><\/p>\n<p><a href=\"\/\/www3.smartadserver.com\/ac?jump=1&amp;nwid=2136&amp;siteid=240610&amp;pgname=rg&amp;fmtid=49046&amp;visit=m&amp;tmstp=[timestamp]&amp;out=nonrich\" target=\"_blank\" rel=\"noopener noreferrer\"><img decoding=\"async\" src=\"http:\/\/www3.smartadserver.com\/ac?out=nonrich&amp;nwid=2136&amp;siteid=240610&amp;pgname=rg&amp;fmtid=49046&amp;visit=m&amp;tmstp=[timestamp]\" border=\"0\" alt=\"\"\/><\/a><\/p>\n<p><\/noscript><\/div>\n<p class=\"c3\"><em>Des op\u00e9rateurs \u00e9conomiques apportent leur contribution \u00e0 la lutte contre le Covid-19 au Burkina. C\u2019est le cas du pr\u00e9sident du Groupe EBOMAF, qui vient de mettre \u00e0 la disposition du minist\u00e8re burkinab\u00e8 de la Sant\u00e9, sa clinique \u00e9quip\u00e9e de 30 lits d\u2019hospitalisation, de salles de r\u00e9habilitation et de r\u00e9animation, etc., au profit des malades. Mais ce n\u2019est pas tout : le Cr\u00e9sus burkinab\u00e8 offre la rondelette somme de 50 millions de F CFA pour la prise en charge des malades dont le nombre a franchi la barre des 100 cas dans notre pays.\u00a0 Il s\u2019agit \u00e9galement de Coris Holding qui, \u00e0 travers la Fondation Coris, apporte sa part contributive \u00e0 la lutte contre la pand\u00e9mie, \u00e0 hauteur de 200 millions de F CFA. Cette somme est destin\u00e9e \u00e0 l\u2019\u00e9quipement du personnel soignant et au renforcement des capacit\u00e9s de prise en charge des personnes infect\u00e9es. Deux gestes de g\u00e9n\u00e9rosit\u00e9 et de solidarit\u00e9 qui font d\u00e9j\u00e0 des \u00e9mules, puisque bien d\u2019autres bonnes volont\u00e9s se signalent si elles ne sont pas d\u00e9j\u00e0 pass\u00e9es \u00e0 l\u2019acte. En tous les cas, c\u2019est un bel exemple \u00e0 suivre. A ces actions humanistes de fils du terroir, viennent s\u2019ajouter celles de bienfaiteurs \u00e9trangers, \u00e0 l\u2019image du milliardaire et homme d\u2019affaires chinois, Jack Ma. Ce magnant du e-commerce et fondateur du g\u00e9ant de la distribution Alibaba, s\u2019\u00e9tait engag\u00e9, en effet, \u00e0 soutenir les syst\u00e8mes de sant\u00e9 des pays du continent quasiment d\u00e9munis face au Covid-19. Il annon\u00e7ait qu\u2019il ferait don \u00e0 chacun des 54 pays africains, de 20 000 kits de tests, de 100 000 masques et de 1 000 combinaisons de protection \u00e0 usage m\u00e9dical et d\u2019\u00e9crans faciaux.\u00a0<\/em> <em>En r\u00e9alisant qu\u2019ils peuvent, du haut de leur position sociale privil\u00e9gi\u00e9e, contribuer, \u00e0 leur fa\u00e7on, \u00e0 soulager des malades voire \u00e0 sauver des vies, les op\u00e9rateurs \u00e9conomiques burkinab\u00e8 qui ont laiss\u00e9 parler leur c\u0153ur, rendent grandement service \u00e0 la Nation voire \u00e0 l\u2019humanit\u00e9. Et c\u2019est \u00e0 leur honneur.<\/em><\/p>\n<p class=\"c3\"><strong><em>Chacun, \u00e0 son niveau et quel que soit son rang social, peut contribuer \u00e0 stopper le mal<\/em><\/strong><\/p>\n<p class=\"c3\"><em>Nul doute que si cet \u00e9lan de solidarit\u00e9 se manifestait davantage, il augmenterait l\u2019offre de pr\u00e9vention et de traitement de la maladie car les ressources allou\u00e9es \u00e0 la lutte contre la pand\u00e9mie, se verraient ainsi accrues. Et cela constituerait une grande avanc\u00e9e d\u2019autant que le personnel soignant se voit oblig\u00e9 de g\u00e9rer parcimonieusement les moyens mis \u00e0 sa disposition pour limiter la \u00ab\u00a0d\u00e9perdition\u00a0\u00bb.<\/em><br \/><em>Cela dit, dans cette lutte engag\u00e9e contre le virus \u00e0 couronne, on n\u2019a pas forc\u00e9ment besoin d\u2019\u00eatre un capitaine d\u2019industrie pour s\u2019\u00e9riger en combattant intr\u00e9pide du virus. Il est clair que chacun, \u00e0 son niveau et quel que soit son rang social, peut contribuer \u00e0 stopper le mal. En commen\u00e7ant par suivre les prescriptions \u00e9dict\u00e9es par les voix autoris\u00e9es et en souscrivant aux mesures de confinement en vigueur pour ne pas \u00eatre un vecteur de transmission de l\u2019agent pathog\u00e8ne. M\u00eame sans argent, on peut \u00eatre un acteur de l\u2019\u00e9radication du microbe pour autant qu\u2019on en prenne conscience et qu\u2019on s\u2019y engage vraiment. Dans cette bataille engag\u00e9e contre le mal, il faut saluer le courage, l\u2019engagement et la d\u00e9termination du personnel soignant constamment sur la br\u00e8che.\u00a0<\/em> <em>\u00ab A quelque chose malheur est bon \u00bb, dit-on. Cette crise sanitaire li\u00e9e au Covid-19, vient encore rappeler l\u2019\u00e9tat de d\u00e9nuement de nos infrastructures sanitaires. Et face \u00e0 cette triste r\u00e9alit\u00e9, pour l\u2019une des rares fois, on ne saurait dire que les plus nantis peuvent s\u2019offrir le luxe d\u2019aller se faire soigner en Occident o\u00f9 ils se verraient confront\u00e9s \u00e0 bien pire, le mal y s\u00e9vissant plus. Autant dire que riches ou pauvres, l\u2019on est embarqu\u00e9 dans la m\u00eame gal\u00e8re. Toute chose qui devrait interpeller nos d\u00e9cideurs politiques et \u00e9conomiques. Si, comme on le dit, \u00ab l\u2019Etat ne peut pas tout faire \u00bb, les gouvernants pourraient mettre en place des politiques incitatives destin\u00e9es \u00e0 int\u00e9resser nos op\u00e9rateurs \u00e9conomiques au domaine de la sant\u00e9. Le social \u00e0 travers des actions ponctuelles, c\u2019est bon, mais il y a peut-\u00eatre lieu de songer \u00e0 pousser nos hommes d\u2019affaires \u00e0 aller au-del\u00e0, par des investissements structurants.<\/em><\/p>\n<p class=\"c3\"><strong><em>\u00ab\u00a0Le Pays\u00a0\u00bb<\/em><\/strong><\/p>\n<p>Auteur: Le Pays<br \/>\n<a href=\"http:\/\/lepays.bf\/gestes-de-generosite-doperateurs-economiques-contre-le-covid-19\/\">Cliquez ici pour lire l&rsquo;article depuis sa source.<\/a><\/p>\n","protected":false},"excerpt":{"rendered":"<p>Des op\u00e9rateurs \u00e9conomiques apportent leur contribution \u00e0 la lutte contre le Covid-19 au Burkina. C\u2019est le cas du pr\u00e9sident du Groupe EBOMAF, qui vient de mettre \u00e0 la disposition du minist\u00e8re burkinab\u00e8 de la Sant\u00e9, sa clinique \u00e9quip\u00e9e de 30 lits d\u2019hospitalisation, de salles de r\u00e9habilitation et de r\u00e9animation, etc., au profit des malades. Mais [&hellip;]<\/p>\n","protected":false},"author":1813,"featured_media":0,"comment_status":"closed","ping_status":"closed","sticky":false,"template":"","format":"standard","meta":{"fifu_image_url":"","fifu_image_alt":"","footnotes":""},"categories":[73,81],"tags":[],"class_list":["post-80203","post","type-post","status-publish","format-standard","hentry","category-actualite","category-burkina-faso"],"_links":{"self":[{"href":"https:\/\/linitiative.ca\/International\/wp-json\/wp\/v2\/posts\/80203","targetHints":{"allow":["GET"]}}],"collection":[{"href":"https:\/\/linitiative.ca\/International\/wp-json\/wp\/v2\/posts"}],"about":[{"href":"https:\/\/linitiative.ca\/International\/wp-json\/wp\/v2\/types\/post"}],"author":[{"embeddable":true,"href":"https:\/\/linitiative.ca\/International\/wp-json\/wp\/v2\/users\/1813"}],"replies":[{"embeddable":true,"href":"https:\/\/linitiative.ca\/International\/wp-json\/wp\/v2\/comments?post=80203"}],"version-history":[{"count":0,"href":"https:\/\/linitiative.ca\/International\/wp-json\/wp\/v2\/posts\/80203\/revisions"}],"wp:attachment":[{"href":"https:\/\/linitiative.ca\/International\/wp-json\/wp\/v2\/media?parent=80203"}],"wp:term":[{"taxonomy":"category","embeddable":true,"href":"https:\/\/linitiative.ca\/International\/wp-json\/wp\/v2\/categories?post=80203"},{"taxonomy":"post_tag","embeddable":true,"href":"https:\/\/linitiative.ca\/International\/wp-json\/wp\/v2\/tags?post=80203"}],"curies":[{"name":"wp","href":"https:\/\/api.w.org\/{rel}","templated":true}]}}