{"id":80204,"date":"2020-03-25T06:46:01","date_gmt":"2020-03-25T10:46:01","guid":{"rendered":"https:\/\/linitiative.ca\/International\/covid19-la-cil-autorise-la-divulgation-des-donnees\/"},"modified":"2020-03-25T06:46:01","modified_gmt":"2020-03-25T10:46:01","slug":"covid19-la-cil-autorise-la-divulgation-des-donnees","status":"publish","type":"post","link":"https:\/\/linitiative.ca\/International\/covid19-la-cil-autorise-la-divulgation-des-donnees\/","title":{"rendered":"COVID19: la CIL autorise la divulgation des donn\u00e9es"},"content":{"rendered":"<div class=\"td-post-featured-image\"><a href=\"https:\/\/i1.wp.com\/www.sidwaya.info\/wp-content\/uploads\/2020\/03\/cil-1.jpg?fit=446%2C322&amp;ssl=1\" data-caption=\"\"><img loading=\"lazy\" decoding=\"async\" width=\"446\" height=\"322\" class=\"entry-thumb td-modal-image\" src=\"https:\/\/i1.wp.com\/www.sidwaya.info\/wp-content\/uploads\/2020\/03\/cil-1.jpg?resize=446,322&amp;ssl=1\" srcset=\"https:\/\/i1.wp.com\/www.sidwaya.info\/wp-content\/uploads\/2020\/03\/cil-1.jpg?w=446&amp;ssl=1 446w, https:\/\/i1.wp.com\/www.sidwaya.info\/wp-content\/uploads\/2020\/03\/cil-1.jpg?resize=300%2C217&amp;ssl=1 300w, https:\/\/i1.wp.com\/www.sidwaya.info\/wp-content\/uploads\/2020\/03\/cil-1.jpg?resize=324%2C235&amp;ssl=1 324w\" sizes=\"auto, (max-width: 446px) 100vw, 446px\" alt=\"\" title=\"cil\"\/><\/a><\/div>\n<p>Alors que le coronavirus se propage \u00e0 travers le monde, avec notamment des cas signal\u00e9s au Burkina Faso,nous avons une pens\u00e9e pieuse et ressentons une pr\u00e9occupation particuli\u00e8re pour nos populations. \u00a0A la maison ou au lieu de travail, nous esp\u00e9rons qu\u2019elles contribueront \u00e0 faire limiter la propagation du virus dans les prochaines semaines en respectant les consignes sanitaires donn\u00e9es.<\/p>\n<p>Nous reconnaissons les d\u00e9fis sans pr\u00e9c\u00e9dent auxquels le gouvernement burkinab\u00e8 et les diff\u00e9rentes organisations partenaires sont confront\u00e9s dans la lutte contre la propagation du coronavirus (COVID-19).Il est important de relever que ces d\u00e9fis n\u00e9cessitent des r\u00e9ponses coordonn\u00e9es,tant au niveau national que mondial, y compris par le partage rapide des informations personnelles par les organisations et les gouvernements.<\/p>\n<p>Il convient de noter que \u00ab\u00a0<em>les donn\u00e9es de sant\u00e9, qualifi\u00e9es de donn\u00e9es sensibles<\/em>\u00a0\u00bb, par notre l\u00e9gislation, sont soumises \u00e0 des conditions particuli\u00e8res de traitement.Cependant, vu le contexte sanitaire mondial et pour des questions de sant\u00e9 publique, la loi portant protection des donn\u00e9es personnelles permet de d\u00e9roger aux int\u00e9r\u00eats particuliers, lorsque les donn\u00e9es doivent \u00eatre divulgu\u00e9es pour prot\u00e9ger toute une population. La CIL, en tant qu\u2019autorit\u00e9 de protection, s\u2019engage \u00e0 accompagner les gouvernements en aidant et en facilitant le partage rapide et s\u00fbr des donn\u00e9es pour lutter contre COVID-19.<\/p>\n<p>Egalement plus, en vue de contribuer \u00e0 la lutte contre la pand\u00e9mie actuelle, la communaut\u00e9 des Autorit\u00e9s de protection des donn\u00e9es personnelles (APDP), \u00e0 travers le monde, encourage les individus \u00e0 communiquer directement entre eux, avec les organismes scientifiques et gouvernementaux les informations relatives \u00e0 la pand\u00e9mieen vue de coordonner la lutte au niveau national et mondial.<\/p>\n<p>Tout en recommandant le respect des droits humains dans le traitement des donn\u00e9es,nous notons qu\u2019il faut s\u2019interdire de partager des informations dont on n\u2019a pas la preuve de la v\u00e9racit\u00e9,afin d\u2019\u00e9viter de cr\u00e9er une psychose au sein de la population.<\/p>\n<p><strong>Que Dieu prot\u00e8ge le Burkina Faso.<\/strong><\/p>\n<p><strong>\u00a0<\/strong><strong><u>Marguerite OUEDRAOGO\/BONANE<\/u><\/strong><\/p>\n<p>Chevalier de l\u2019Ordre National<\/p>\n<p><strong>\u00a0<\/strong><\/p>\n<div class=\"td-a-rec td-a-rec-id-content_bottom tdi_30_d23 td_block_template_1\"><img loading=\"lazy\" decoding=\"async\" class=\"aligncenter size-full wp-image-9623\" src=\"https:\/\/www.sidwaya.info\/wp-content\/uploads\/2019\/06\/Projet-bannie\u0300re-Orange-mobile.jpg\" alt=\"\" width=\"728\" height=\"81\"\/><\/div>\n<p>Auteur: BS. Sidwaya<br \/>\n<a href=\"https:\/\/www.sidwaya.info\/blog\/2020\/03\/25\/covid19-la-cil-autorise-la-divulgation-des-donnees\/\">Cliquez ici pour lire l&rsquo;article depuis sa source.<\/a><\/p>\n","protected":false},"excerpt":{"rendered":"<p>Alors que le coronavirus se propage \u00e0 travers le monde, avec notamment des cas signal\u00e9s au Burkina Faso,nous avons une pens\u00e9e pieuse et ressentons une pr\u00e9occupation particuli\u00e8re pour nos populations. \u00a0A la maison ou au lieu de travail, nous esp\u00e9rons qu\u2019elles contribueront \u00e0 faire limiter la propagation du virus dans les prochaines semaines en respectant [&hellip;]<\/p>\n","protected":false},"author":1816,"featured_media":0,"comment_status":"closed","ping_status":"closed","sticky":false,"template":"","format":"standard","meta":{"fifu_image_url":"","fifu_image_alt":"","footnotes":""},"categories":[73,81],"tags":[],"class_list":["post-80204","post","type-post","status-publish","format-standard","hentry","category-actualite","category-burkina-faso"],"_links":{"self":[{"href":"https:\/\/linitiative.ca\/International\/wp-json\/wp\/v2\/posts\/80204","targetHints":{"allow":["GET"]}}],"collection":[{"href":"https:\/\/linitiative.ca\/International\/wp-json\/wp\/v2\/posts"}],"about":[{"href":"https:\/\/linitiative.ca\/International\/wp-json\/wp\/v2\/types\/post"}],"author":[{"embeddable":true,"href":"https:\/\/linitiative.ca\/International\/wp-json\/wp\/v2\/users\/1816"}],"replies":[{"embeddable":true,"href":"https:\/\/linitiative.ca\/International\/wp-json\/wp\/v2\/comments?post=80204"}],"version-history":[{"count":0,"href":"https:\/\/linitiative.ca\/International\/wp-json\/wp\/v2\/posts\/80204\/revisions"}],"wp:attachment":[{"href":"https:\/\/linitiative.ca\/International\/wp-json\/wp\/v2\/media?parent=80204"}],"wp:term":[{"taxonomy":"category","embeddable":true,"href":"https:\/\/linitiative.ca\/International\/wp-json\/wp\/v2\/categories?post=80204"},{"taxonomy":"post_tag","embeddable":true,"href":"https:\/\/linitiative.ca\/International\/wp-json\/wp\/v2\/tags?post=80204"}],"curies":[{"name":"wp","href":"https:\/\/api.w.org\/{rel}","templated":true}]}}