{"id":80205,"date":"2020-03-25T15:18:03","date_gmt":"2020-03-25T19:18:03","guid":{"rendered":"https:\/\/linitiative.ca\/International\/maroc-covid-19-la-douane-invite-les-concessionnaires-a-reduire-au-minimum-leurs-importations-de-vehicules\/"},"modified":"2020-03-25T15:18:03","modified_gmt":"2020-03-25T19:18:03","slug":"maroc-covid-19-la-douane-invite-les-concessionnaires-a-reduire-au-minimum-leurs-importations-de-vehicules","status":"publish","type":"post","link":"https:\/\/linitiative.ca\/International\/maroc-covid-19-la-douane-invite-les-concessionnaires-a-reduire-au-minimum-leurs-importations-de-vehicules\/","title":{"rendered":"Maroc\/Covid-19 : La douane invite les concessionnaires \u00e0 r\u00e9duire au minimum leurs importations de v\u00e9hicules"},"content":{"rendered":"<div readability=\"32\">\n<p>Publi\u00e9 le 25.03.2020 \u00e0 20h18 par APA News<\/p>\n<\/div>\n<div readability=\"66\">\n<p>L\u2019administration marocaine de la douane a invit\u00e9 les concessionnaires \u00e0 travers leur association \u00e0 r\u00e9duire \u00ab au strict minimum \u00bb leurs importations de v\u00e9hicules en n\u00e9gociant avec leurs fournisseurs un report.Cette mesure est motiv\u00e9e par la situation compliqu\u00e9e, relative \u00e0 la pand\u00e9mie du Covid-19 que traverse le Royaume et qui a impact\u00e9 n\u00e9gativement sur la balance de paiements.<\/p>\n<p>\u00ab Les recettes touristiques, les transferts des Marocains r\u00e9sidant \u00e0 l\u2019\u00e9tranger et les recettes au titre des exportations commerciales et de services s\u2019inscrivent d\u2019ores et d\u00e9j\u00e0 en baisse tr\u00e8s significative \u00bb, explique l\u2019administration de la douane.<\/p>\n<p>Ainsi, chaque membre de l\u2019association des concessionnaires est pri\u00e9 de transmettre \u00e0 l\u2019Administration de la douane un tableau mettant en exergue, et pour les prochains mois, les importations en cours et celles qu\u2019il n\u2019est pas possible de reporter ou d\u2019annuler.<\/p>\n<p>A ce jour, le Maroc a enregistr\u00e9 225 cas contamination par le virus de Covid-19, dont six morts et sept personnes r\u00e9tablies enti\u00e8rement du virus.<\/p>\n<p>Pour limiter la propagation du virus, le minist\u00e8re de la sant\u00e9 appelle la population \u00e0 respecter les consignes d\u2019hygi\u00e8ne et de s\u00e9curit\u00e9 sanitaire, ainsi que les mesures pr\u00e9ventives prises par les autorit\u00e9s marocaines, en faisant preuve de responsabilit\u00e9 et de sens du patriotisme.<\/p>\n<p>Les autorit\u00e9s publiques ont pris des mesures drastiques pour enrayer la propagation du virus. Ainsi, un \u00e9tat d\u2019urgence sanitaire a \u00e9t\u00e9 d\u00e9cr\u00e9t\u00e9 depuis vendredi 20 mars et jusqu\u2019au 20 avril prochain.<\/p>\n<\/div>\n<p>Auteur: APA News<br \/>\n<a href=\"https:\/\/www.journalducameroun.com\/maroc-covid-19-la-douane-invite-les-concessionnaires-a-reduire-au-minimum-leurs-importations-de-vehicules\/\">Cliquez ici pour lire l&rsquo;article depuis sa source.<\/a><\/p>\n","protected":false},"excerpt":{"rendered":"<p>Publi\u00e9 le 25.03.2020 \u00e0 20h18 par APA News L\u2019administration marocaine de la douane a invit\u00e9 les concessionnaires \u00e0 travers leur association \u00e0 r\u00e9duire \u00ab au strict minimum \u00bb leurs importations de v\u00e9hicules en n\u00e9gociant avec leurs fournisseurs un report.Cette mesure est motiv\u00e9e par la situation compliqu\u00e9e, relative \u00e0 la pand\u00e9mie du Covid-19 que traverse le [&hellip;]<\/p>\n","protected":false},"author":1965,"featured_media":0,"comment_status":"closed","ping_status":"closed","sticky":false,"template":"","format":"standard","meta":{"fifu_image_url":"","fifu_image_alt":"","footnotes":""},"categories":[73,82],"tags":[],"class_list":["post-80205","post","type-post","status-publish","format-standard","hentry","category-actualite","category-cameroun"],"_links":{"self":[{"href":"https:\/\/linitiative.ca\/International\/wp-json\/wp\/v2\/posts\/80205","targetHints":{"allow":["GET"]}}],"collection":[{"href":"https:\/\/linitiative.ca\/International\/wp-json\/wp\/v2\/posts"}],"about":[{"href":"https:\/\/linitiative.ca\/International\/wp-json\/wp\/v2\/types\/post"}],"author":[{"embeddable":true,"href":"https:\/\/linitiative.ca\/International\/wp-json\/wp\/v2\/users\/1965"}],"replies":[{"embeddable":true,"href":"https:\/\/linitiative.ca\/International\/wp-json\/wp\/v2\/comments?post=80205"}],"version-history":[{"count":0,"href":"https:\/\/linitiative.ca\/International\/wp-json\/wp\/v2\/posts\/80205\/revisions"}],"wp:attachment":[{"href":"https:\/\/linitiative.ca\/International\/wp-json\/wp\/v2\/media?parent=80205"}],"wp:term":[{"taxonomy":"category","embeddable":true,"href":"https:\/\/linitiative.ca\/International\/wp-json\/wp\/v2\/categories?post=80205"},{"taxonomy":"post_tag","embeddable":true,"href":"https:\/\/linitiative.ca\/International\/wp-json\/wp\/v2\/tags?post=80205"}],"curies":[{"name":"wp","href":"https:\/\/api.w.org\/{rel}","templated":true}]}}