{"id":80206,"date":"2020-03-25T15:18:05","date_gmt":"2020-03-25T19:18:05","guid":{"rendered":"https:\/\/linitiative.ca\/International\/maroc-covid-19-lancement-dune-initiative-dhebergement-des-sdf\/"},"modified":"2020-03-25T15:18:05","modified_gmt":"2020-03-25T19:18:05","slug":"maroc-covid-19-lancement-dune-initiative-dhebergement-des-sdf","status":"publish","type":"post","link":"https:\/\/linitiative.ca\/International\/maroc-covid-19-lancement-dune-initiative-dhebergement-des-sdf\/","title":{"rendered":"Maroc\/Covid-19 : Lancement d\u2019une initiative d\u2019h\u00e9bergement des SDF"},"content":{"rendered":"<div readability=\"32\">\n<p>Publi\u00e9 le 25.03.2020 \u00e0 20h18 par APA News<\/p>\n<\/div>\n<div readability=\"80\">\n<p>Le gouvernement marocain \u00e0 travers le minist\u00e8re de la solidarit\u00e9 et du d\u00e9veloppement social, a annonc\u00e9 le lancement d\u2019une initiative d\u2019h\u00e9bergement des personnes sans domicile fixe (SDF), une population vuln\u00e9rable qu\u2019il faut absolument prot\u00e9ger pour limiter la propagation du virus.Cette initiative touche plusieurs villes marocaines, parmi elles, Casablanca, Rabat, K\u00e9nitra, Tanger, Oujda et Agadir. Dans le concret, des actions sont men\u00e9es pour placer les sans-abris dans des espaces et des centres d\u2019h\u00e9bergement.<\/p>\n<p>Pour la ministre en charge de ce d\u00e9partement, Jamila El Moussali, cette d\u00e9marche s\u2019inscrit dans le cadre des efforts d\u2019assistance sociale d\u00e9ploy\u00e9s par l\u2019Entraide nationale en coordination avec les autorit\u00e9s locales, collectivit\u00e9s territoriales et soci\u00e9t\u00e9 civile.<\/p>\n<p>Au Maroc, les sans-abris se comptent \u00e0 plus de 150.000, selon les derniers chiffres officiels avanc\u00e9s par le haut commissariat au plan. Un chiffre difficilement g\u00e9rable pour un pays o\u00f9 les structures et les centres d\u2019accueil font d\u00e9faut.<\/p>\n<p>Il va sans dire que la situation de confinement impos\u00e9 par l\u2019\u00e9tat d\u2019urgence sanitaire ne concerne pas uniquement les familles qui ont leur chez soi, mais \u00e9galement la communaut\u00e9 des SDF, qui attendent des jours meilleurs.<\/p>\n<p>A ce jour, le Maroc a enregistr\u00e9 225 cas contamination par le virus de Covid-19, dont six morts de sept personnes r\u00e9tablies enti\u00e8rement du virus.<\/p>\n<p>Pour limiter la propagation du virus, le minist\u00e8re de la sant\u00e9 appelle la population \u00e0 respecter les consignes d\u2019hygi\u00e8ne et de s\u00e9curit\u00e9 sanitaire, ainsi que les mesures pr\u00e9ventives prises par les autorit\u00e9s marocaines, en faisant preuve de responsabilit\u00e9 et de sens du patriotisme.<\/p>\n<p>Les autorit\u00e9s publiques ont pris des mesures drastiques pour enrayer la propagation du virus. Ainsi, un \u00e9tat d\u2019urgence sanitaire a \u00e9t\u00e9 d\u00e9cr\u00e9t\u00e9 depuis vendredi 20 mars et jusqu\u2019au 20 avril prochain.<\/p>\n<\/div>\n<p>Auteur: APA News<br \/>\n<a href=\"https:\/\/www.journalducameroun.com\/maroc-covid-19-lancement-dune-initiative-dhebergement-des-sdf\/\">Cliquez ici pour lire l&rsquo;article depuis sa source.<\/a><\/p>\n","protected":false},"excerpt":{"rendered":"<p>Publi\u00e9 le 25.03.2020 \u00e0 20h18 par APA News Le gouvernement marocain \u00e0 travers le minist\u00e8re de la solidarit\u00e9 et du d\u00e9veloppement social, a annonc\u00e9 le lancement d\u2019une initiative d\u2019h\u00e9bergement des personnes sans domicile fixe (SDF), une population vuln\u00e9rable qu\u2019il faut absolument prot\u00e9ger pour limiter la propagation du virus.Cette initiative touche plusieurs villes marocaines, parmi elles, [&hellip;]<\/p>\n","protected":false},"author":1965,"featured_media":0,"comment_status":"closed","ping_status":"closed","sticky":false,"template":"","format":"standard","meta":{"fifu_image_url":"","fifu_image_alt":"","footnotes":""},"categories":[73,82],"tags":[],"class_list":["post-80206","post","type-post","status-publish","format-standard","hentry","category-actualite","category-cameroun"],"_links":{"self":[{"href":"https:\/\/linitiative.ca\/International\/wp-json\/wp\/v2\/posts\/80206","targetHints":{"allow":["GET"]}}],"collection":[{"href":"https:\/\/linitiative.ca\/International\/wp-json\/wp\/v2\/posts"}],"about":[{"href":"https:\/\/linitiative.ca\/International\/wp-json\/wp\/v2\/types\/post"}],"author":[{"embeddable":true,"href":"https:\/\/linitiative.ca\/International\/wp-json\/wp\/v2\/users\/1965"}],"replies":[{"embeddable":true,"href":"https:\/\/linitiative.ca\/International\/wp-json\/wp\/v2\/comments?post=80206"}],"version-history":[{"count":0,"href":"https:\/\/linitiative.ca\/International\/wp-json\/wp\/v2\/posts\/80206\/revisions"}],"wp:attachment":[{"href":"https:\/\/linitiative.ca\/International\/wp-json\/wp\/v2\/media?parent=80206"}],"wp:term":[{"taxonomy":"category","embeddable":true,"href":"https:\/\/linitiative.ca\/International\/wp-json\/wp\/v2\/categories?post=80206"},{"taxonomy":"post_tag","embeddable":true,"href":"https:\/\/linitiative.ca\/International\/wp-json\/wp\/v2\/tags?post=80206"}],"curies":[{"name":"wp","href":"https:\/\/api.w.org\/{rel}","templated":true}]}}