{"id":80216,"date":"2020-03-25T16:14:52","date_gmt":"2020-03-25T20:14:52","guid":{"rendered":"https:\/\/linitiative.ca\/International\/le-bunec-envisage-la-numerisation-des-archives-des-actes-detat-civil\/"},"modified":"2020-03-25T16:14:52","modified_gmt":"2020-03-25T20:14:52","slug":"le-bunec-envisage-la-numerisation-des-archives-des-actes-detat-civil","status":"publish","type":"post","link":"https:\/\/linitiative.ca\/International\/le-bunec-envisage-la-numerisation-des-archives-des-actes-detat-civil\/","title":{"rendered":"Le Bunec envisage la num\u00e9risation des archives des actes d\u2019\u00c9tat civil"},"content":{"rendered":"<div id=\"the-post\">\n<div class=\"featured-area featured-area-inner\"><img loading=\"lazy\" decoding=\"async\" width=\"737\" height=\"429\" src=\"https:\/\/ecomatin.net\/wp-content\/uploads\/2020\/03\/actedenaissance.png\" class=\"attachment-jannah-image-post size-jannah-image-post wp-post-image\" alt=\"acte de naissance\" srcset=\"https:\/\/ecomatin.net\/wp-content\/uploads\/2020\/03\/actedenaissance.png 737w, https:\/\/ecomatin.net\/wp-content\/uploads\/2020\/03\/actedenaissance-300x175.png 300w\" sizes=\"auto, (max-width: 737px) 100vw, 737px\" data-attachment-id=\"14387\" data-permalink=\"https:\/\/ecomatin.net\/le-bunec-envisage-la-numerisation-des-archives-des-actes-detat-civil\/actedenaissance\/\" data-orig-file=\"https:\/\/ecomatin.net\/wp-content\/uploads\/2020\/03\/actedenaissance.png\" data-orig-size=\"737,429\" data-comments-opened=\"0\" data-image-meta=\"{&quot;aperture&quot;:&quot;0&quot;,&quot;credit&quot;:&quot;&quot;,&quot;camera&quot;:&quot;&quot;,&quot;caption&quot;:&quot;&quot;,&quot;created_timestamp&quot;:&quot;0&quot;,&quot;copyright&quot;:&quot;&quot;,&quot;focal_length&quot;:&quot;0&quot;,&quot;iso&quot;:&quot;0&quot;,&quot;shutter_speed&quot;:&quot;0&quot;,&quot;title&quot;:&quot;&quot;,&quot;orientation&quot;:&quot;0&quot;}\" data-image-title=\"actedenaissance\" data-image-description=\"\" data-medium-file=\"https:\/\/ecomatin.net\/wp-content\/uploads\/2020\/03\/actedenaissance-300x175.png\" data-large-file=\"https:\/\/ecomatin.net\/wp-content\/uploads\/2020\/03\/actedenaissance.png\"\/><\/div>\n<div class=\"entry-content entry clearfix\" readability=\"39.9221248066\">\n<p>Le Cameroun \u00e0 travers le Bureau national de l\u2019Etat civil (Bunec) projette de num\u00e9riser 120\u2009000 souches d\u2019actes d\u2019\u00c9tat civil dans les municipalit\u00e9s\u00a0 \u00a0Yaound\u00e9 entre ao\u00fbt 2020 et ao\u00fbt 2021. Une mission conduite par le directeur g\u00e9n\u00e9ral du Bunec Alexandre Marie Yomo \u00e9tait dans certaines mairies de la ville de Yaound\u00e9 \u00e0 l\u2019effet de sensibiliser les magistrats nouvellement \u00e9lus sur le bien-fond\u00e9 de ce projet et le r\u00f4le qui leur incombe dans ce processus de modernisation du fichier d\u2019\u00c9tat civil au Cameroun. \u00ab\u2009<em>Des contrats seront \u00e0 cet effet sign\u00e9s avec des municipalit\u00e9s afin d\u2019apporter l\u2019appui financier et l\u2019assistance technique<\/em>\u2009\u00bb, a expliqu\u00e9 le DG du Bunec. Le projet sera financ\u00e9 par l\u2019Union europ\u00e9enne. De leur c\u00f4t\u00e9, les mairies sont charg\u00e9es de trouver chacune un local, du personnel de qualit\u00e9 \u00ab\u2009<em>dot\u00e9 des capacit\u00e9s de rapidit\u00e9 et d\u2019endurance au travail<\/em>\u2009\u00bb et un groupe \u00e9lectrog\u00e8ne.<\/p>\n<p>Une fois le projet termin\u00e9 dans le Mfoundi, \u00ab\u2009<em>nous souhaitons l\u2019\u00e9tendre \u00e0 d\u2019autres d\u00e9partements du pays\u2009; en commen\u00e7ant par le d\u00e9partement de la Mifi \u00e0 l\u2019Ouest et celui du Fako dans la r\u00e9gion du Sud-Ouest<\/em>\u2009\u00bb, a indiqu\u00e9 le directeur g\u00e9n\u00e9ral de la Bunec. La num\u00e9risation et l\u2019indexation des archives des actes de naissance, qui aboutiront \u00e0 l\u2019informatisation du syst\u00e8me d\u2019\u00c9tat civil, visent \u00e0 s\u00e9curiser et garantir l\u2019authenticit\u00e9 des actes d\u2019\u00e9tat civil. Selon le Bunec environ la moiti\u00e9 des souches des 9 \u00e0 11 millions d\u2019actes r\u00e9pertori\u00e9s au Cameroun est inexploitable.<\/p>\n<div class=\"awac-wrapper awac widget posts-list-widget-13\">\n<h4 class=\"widget-title\">Recent Posts<\/h4>\n<\/div>\n<\/div>\n<\/div>\n<div readability=\"31.5\">\n<div class=\"container-wrapper subscribe-widget widget-inner-wrap subscribe-widget-content\" id=\"post-newsletter\" readability=\"33\">\n<h4>With Product You Purchase<\/h4>\n<h3>Subscribe to our mailing list to get the new updates!<\/h3>\n<p>Lorem ipsum dolor sit amet, consectetur.<\/p>\n<\/div>\n<\/div>\n<p>Auteur: EcoMatin<br \/>\n<a href=\"https:\/\/ecomatin.net\/le-bunec-envisage-la-numerisation-des-archives-des-actes-detat-civil\/\">Cliquez ici pour lire l&rsquo;article depuis sa source.<\/a><\/p>\n","protected":false},"excerpt":{"rendered":"<p>Le Cameroun \u00e0 travers le Bureau national de l\u2019Etat civil (Bunec) projette de num\u00e9riser 120\u2009000 souches d\u2019actes d\u2019\u00c9tat civil dans les municipalit\u00e9s\u00a0 \u00a0Yaound\u00e9 entre ao\u00fbt 2020 et ao\u00fbt 2021. Une mission conduite par le directeur g\u00e9n\u00e9ral du Bunec Alexandre Marie Yomo \u00e9tait dans certaines mairies de la ville de Yaound\u00e9 \u00e0 l\u2019effet de sensibiliser les [&hellip;]<\/p>\n","protected":false},"author":1969,"featured_media":80217,"comment_status":"closed","ping_status":"closed","sticky":false,"template":"","format":"standard","meta":{"fifu_image_url":"","fifu_image_alt":"","footnotes":""},"categories":[82,78],"tags":[],"class_list":["post-80216","post","type-post","status-publish","format-standard","has-post-thumbnail","hentry","category-cameroun","category-economie"],"_links":{"self":[{"href":"https:\/\/linitiative.ca\/International\/wp-json\/wp\/v2\/posts\/80216","targetHints":{"allow":["GET"]}}],"collection":[{"href":"https:\/\/linitiative.ca\/International\/wp-json\/wp\/v2\/posts"}],"about":[{"href":"https:\/\/linitiative.ca\/International\/wp-json\/wp\/v2\/types\/post"}],"author":[{"embeddable":true,"href":"https:\/\/linitiative.ca\/International\/wp-json\/wp\/v2\/users\/1969"}],"replies":[{"embeddable":true,"href":"https:\/\/linitiative.ca\/International\/wp-json\/wp\/v2\/comments?post=80216"}],"version-history":[{"count":0,"href":"https:\/\/linitiative.ca\/International\/wp-json\/wp\/v2\/posts\/80216\/revisions"}],"wp:featuredmedia":[{"embeddable":true,"href":"https:\/\/linitiative.ca\/International\/wp-json\/"}],"wp:attachment":[{"href":"https:\/\/linitiative.ca\/International\/wp-json\/wp\/v2\/media?parent=80216"}],"wp:term":[{"taxonomy":"category","embeddable":true,"href":"https:\/\/linitiative.ca\/International\/wp-json\/wp\/v2\/categories?post=80216"},{"taxonomy":"post_tag","embeddable":true,"href":"https:\/\/linitiative.ca\/International\/wp-json\/wp\/v2\/tags?post=80216"}],"curies":[{"name":"wp","href":"https:\/\/api.w.org\/{rel}","templated":true}]}}