{"id":80245,"date":"2020-03-25T16:11:03","date_gmt":"2020-03-25T20:11:03","guid":{"rendered":"https:\/\/linitiative.ca\/International\/covid-19-fonds-special-la-ccis-de-loriental-fait-don-de-1-mdh\/"},"modified":"2020-03-25T16:11:03","modified_gmt":"2020-03-25T20:11:03","slug":"covid-19-fonds-special-la-ccis-de-loriental-fait-don-de-1-mdh","status":"publish","type":"post","link":"https:\/\/linitiative.ca\/International\/covid-19-fonds-special-la-ccis-de-loriental-fait-don-de-1-mdh\/","title":{"rendered":"Covid-19\/Fonds sp\u00e9cial: La CCIS de l\u2019Oriental fait don de 1 MDH"},"content":{"rendered":"<div class=\"single-featured\"><img alt=\"\" data-src=\"http:\/\/www.mapoujda.ma\/map\/uploads\/2020\/03\/Une-&#xE9;quipe-m&#xE9;dicale-anti-corona-M750&#xD7;430-MAP-1.jpg\"\/><\/div>\n<div class=\"entry-content clearfix single-post-content\" readability=\"56\">\n<p class=\"c5\">La Chambre de commerce, d\u2019industrie et de services (CCIS) de l\u2019Oriental a d\u00e9cid\u00e9 de faire don d\u2019un million de dirhams au profit du Fonds sp\u00e9cial pour la gestion de la pand\u00e9mie du coronavirus (Covid-19), mis en place sur Hautes instructions de SM le Roi Mohammed VI.<\/p>\n<p class=\"c5\">Cette contribution s\u2019inscrit dans le cadre de la mobilisation nationale globale pour limiter les effets et les r\u00e9percussions de la pand\u00e9mie du nouveau coronavirus, conform\u00e9ment aux hautes instructions royales visant \u00e0 assurer le financement des mesures pr\u00e9ventives pour lutter contre la propagation du Covid-19, indique un communiqu\u00e9 de la CCIS.<\/p>\n<p class=\"c5\">Il s\u2019agit d\u2019adh\u00e9rer \u00e0 la dynamique nationale de solidarit\u00e9 issue des valeurs et traditions de la soci\u00e9t\u00e9 marocaine et de mettre en \u0153uvre les dispositions de la Constitution visant \u00e0 faire face, de mani\u00e8re solidaire, aux d\u00e9penses et charges li\u00e9es aux diverses catastrophes, affirme la m\u00eame source.<\/p>\n<p class=\"c5\">Plusieurs entreprises, institutions nationales et corps de m\u00e9tiers ont annonc\u00e9 leur contribution au Fonds sp\u00e9cial de gestion de la lutte contre le coronavirus en vue de faire face aux cons\u00e9quences \u00e9conomiques et sociales de la propagation de cette maladie.<\/p>\n<\/div>\n<p>Auteur: Soufiane ELAHMAR<br \/>\n<a href=\"http:\/\/www.mapoujda.ma\/fr\/covid-19-fonds-special-la-ccis-de-loriental-fait-don-de-1-mdh\/\">Cliquez ici pour lire l&rsquo;article depuis sa source.<\/a><\/p>\n","protected":false},"excerpt":{"rendered":"<p>La Chambre de commerce, d\u2019industrie et de services (CCIS) de l\u2019Oriental a d\u00e9cid\u00e9 de faire don d\u2019un million de dirhams au profit du Fonds sp\u00e9cial pour la gestion de la pand\u00e9mie du coronavirus (Covid-19), mis en place sur Hautes instructions de SM le Roi Mohammed VI. Cette contribution s\u2019inscrit dans le cadre de la mobilisation [&hellip;]<\/p>\n","protected":false},"author":1788,"featured_media":80246,"comment_status":"closed","ping_status":"closed","sticky":false,"template":"","format":"standard","meta":{"fifu_image_url":"","fifu_image_alt":"","footnotes":""},"categories":[54,76],"tags":[],"class_list":["post-80245","post","type-post","status-publish","format-standard","has-post-thumbnail","hentry","category-maroc","category-regions"],"_links":{"self":[{"href":"https:\/\/linitiative.ca\/International\/wp-json\/wp\/v2\/posts\/80245","targetHints":{"allow":["GET"]}}],"collection":[{"href":"https:\/\/linitiative.ca\/International\/wp-json\/wp\/v2\/posts"}],"about":[{"href":"https:\/\/linitiative.ca\/International\/wp-json\/wp\/v2\/types\/post"}],"author":[{"embeddable":true,"href":"https:\/\/linitiative.ca\/International\/wp-json\/wp\/v2\/users\/1788"}],"replies":[{"embeddable":true,"href":"https:\/\/linitiative.ca\/International\/wp-json\/wp\/v2\/comments?post=80245"}],"version-history":[{"count":0,"href":"https:\/\/linitiative.ca\/International\/wp-json\/wp\/v2\/posts\/80245\/revisions"}],"wp:featuredmedia":[{"embeddable":true,"href":"https:\/\/linitiative.ca\/International\/wp-json\/"}],"wp:attachment":[{"href":"https:\/\/linitiative.ca\/International\/wp-json\/wp\/v2\/media?parent=80245"}],"wp:term":[{"taxonomy":"category","embeddable":true,"href":"https:\/\/linitiative.ca\/International\/wp-json\/wp\/v2\/categories?post=80245"},{"taxonomy":"post_tag","embeddable":true,"href":"https:\/\/linitiative.ca\/International\/wp-json\/wp\/v2\/tags?post=80245"}],"curies":[{"name":"wp","href":"https:\/\/api.w.org\/{rel}","templated":true}]}}