{"id":80254,"date":"2020-03-25T19:32:00","date_gmt":"2020-03-25T23:32:00","guid":{"rendered":"https:\/\/linitiative.ca\/International\/bombardements-intensifs-sur-tripoli\/"},"modified":"2020-03-25T19:32:00","modified_gmt":"2020-03-25T23:32:00","slug":"bombardements-intensifs-sur-tripoli","status":"publish","type":"post","link":"https:\/\/linitiative.ca\/International\/bombardements-intensifs-sur-tripoli\/","title":{"rendered":"Bombardements intensifs sur Tripoli"},"content":{"rendered":"<p>Tripoli a \u00e9t\u00e9 violemment bombard\u00e9e dans la nuit et de nouveaux affrontements ont \u00e9clat\u00e9 sur une base a\u00e9rienne proche de la capitale libyenne, malgr\u00e9 les appels de l&rsquo;Onu \u00e0 une tr\u00eave mondiale au nom de la lutte contre le coronavirus, dont un premier cas vient d&rsquo;\u00eatre signal\u00e9 en Libye.<\/p>\n<p>Selon des habitants, les bombardements ont \u00e9t\u00e9 d&rsquo;une intensit\u00e9 sans pr\u00e9c\u00e9dent depuis plusieurs semaines.<\/p>\n<p>L&rsquo;arm\u00e9e nationale libyenne (ANL) du mar\u00e9chal Khalifa Haftar, qui tient l&rsquo;Est du pays, tente de s&#8217;emparer de Tripoli depuis pr\u00e8s d&rsquo;un an avec l&rsquo;appui des Emirats arabes unis, de l&rsquo;Egypte et de la Russie. Le gouvernement d&rsquo;entente nationale (GEN) reconnu par la communaut\u00e9 internationale, qui si\u00e8ge dans la capitale, a quant \u00e0 lui obtenu le soutien de la Turquie.<\/p>\n<p>Selon les deux camps, les forces fid\u00e8les au GEN viennent de lancer une offensive contre l&rsquo;ANL sur la base a\u00e9rienne d&rsquo;Al Ouatiya, 125 km \u00e0 l&rsquo;ouest de Tripoli. La base a d\u00e9j\u00e0 \u00e9t\u00e9 le th\u00e9\u00e2tre d&rsquo;intenses combats au d\u00e9but du conflit. Les troupes gouvernementales disent avoir agi en repr\u00e9sailles au bombardement de Tripoli.<\/p>\n<p>Une nouvelle aggravation du conflit pourrait \u00eatre catastrophique pour des services sanitaires d\u00e9j\u00e0 tr\u00e8s fragiles et d\u00e9bord\u00e9s, alors que le premier cas libyen de la maladie due au coronavirus a \u00e9t\u00e9 confirm\u00e9 mardi. Le secr\u00e9taire g\u00e9n\u00e9ral des Nations Unies avait lanc\u00e9 la veille un appel au cessez-le-feu partout dans le monde afin que tous les Etats puissent se consacrer \u00e0 la lutte contre la pand\u00e9mie.<\/p>\n<p>Auteur: letemps1<br \/>\n<a href=\"http:\/\/www.letemps.com.tn\/article\/112155\/bombardements-intensifs-sur-tripoli\">Cliquez ici pour lire l&rsquo;article depuis sa source.<\/a><\/p>\n","protected":false},"excerpt":{"rendered":"<p>Tripoli a \u00e9t\u00e9 violemment bombard\u00e9e dans la nuit et de nouveaux affrontements ont \u00e9clat\u00e9 sur une base a\u00e9rienne proche de la capitale libyenne, malgr\u00e9 les appels de l&rsquo;Onu \u00e0 une tr\u00eave mondiale au nom de la lutte contre le coronavirus, dont un premier cas vient d&rsquo;\u00eatre signal\u00e9 en Libye. Selon des habitants, les bombardements ont [&hellip;]<\/p>\n","protected":false},"author":1773,"featured_media":0,"comment_status":"closed","ping_status":"closed","sticky":false,"template":"","format":"standard","meta":{"fifu_image_url":"","fifu_image_alt":"","footnotes":""},"categories":[73,55],"tags":[],"class_list":["post-80254","post","type-post","status-publish","format-standard","hentry","category-actualite","category-tunisie"],"_links":{"self":[{"href":"https:\/\/linitiative.ca\/International\/wp-json\/wp\/v2\/posts\/80254","targetHints":{"allow":["GET"]}}],"collection":[{"href":"https:\/\/linitiative.ca\/International\/wp-json\/wp\/v2\/posts"}],"about":[{"href":"https:\/\/linitiative.ca\/International\/wp-json\/wp\/v2\/types\/post"}],"author":[{"embeddable":true,"href":"https:\/\/linitiative.ca\/International\/wp-json\/wp\/v2\/users\/1773"}],"replies":[{"embeddable":true,"href":"https:\/\/linitiative.ca\/International\/wp-json\/wp\/v2\/comments?post=80254"}],"version-history":[{"count":0,"href":"https:\/\/linitiative.ca\/International\/wp-json\/wp\/v2\/posts\/80254\/revisions"}],"wp:attachment":[{"href":"https:\/\/linitiative.ca\/International\/wp-json\/wp\/v2\/media?parent=80254"}],"wp:term":[{"taxonomy":"category","embeddable":true,"href":"https:\/\/linitiative.ca\/International\/wp-json\/wp\/v2\/categories?post=80254"},{"taxonomy":"post_tag","embeddable":true,"href":"https:\/\/linitiative.ca\/International\/wp-json\/wp\/v2\/tags?post=80254"}],"curies":[{"name":"wp","href":"https:\/\/api.w.org\/{rel}","templated":true}]}}