{"id":80255,"date":"2020-03-25T19:32:00","date_gmt":"2020-03-25T23:32:00","guid":{"rendered":"https:\/\/linitiative.ca\/International\/pres-de-cent-militaires-tues-au-tchad\/"},"modified":"2020-03-25T19:32:00","modified_gmt":"2020-03-25T23:32:00","slug":"pres-de-cent-militaires-tues-au-tchad","status":"publish","type":"post","link":"https:\/\/linitiative.ca\/International\/pres-de-cent-militaires-tues-au-tchad\/","title":{"rendered":"Pr\u00e8s de cent militaires tu\u00e9s au Tchad"},"content":{"rendered":"<p>Boko Haram a tu\u00e9 pr\u00e8s de 100 militaires tchadiens dans une attaque \u00e0 Boma, dans la province du Lac, affaiblissant l&rsquo;arm\u00e9e tchadienne dans cette r\u00e9gion frontali\u00e8re o\u00f9 le groupe terroriste multiplie les attaques ces derniers mois. Le pr\u00e9sident Idriss D\u00e9by Itno s&rsquo;est rendu en personne sur les lieux de l&rsquo;attaque mardi 24 mars pour \u00ab\u00a0s&rsquo;incliner sur les corps\u00a0\u00bb des 92 soldats morts, a-t-il d\u00e9clar\u00e9 \u00e0 la t\u00e9l\u00e9vision tchadienne.<\/p>\n<p><strong>Bilan plus lourd<\/strong><\/p>\n<p>Certains officiers pr\u00e9sents sur place, qui ont r\u00e9clam\u00e9 l&rsquo;anonymat, \u00e9voquent un bilan encore plus lourd. Ils affirment que les jihadistes ont d\u00e9rob\u00e9 du mat\u00e9riel et ont aussi possiblement pris des militaires en otage lors de cette attaque qui a eu lieu le 23 mars avant la lev\u00e9e du jour.<\/p>\n<p>Depuis plusieurs mois, le groupe jihadiste Boko Haram, dont l&rsquo;insurrection est n\u00e9e au Nigeria en 2009, multiplie les actions dans la r\u00e9gion du lac Tchad.<\/p>\n<p>A la fronti\u00e8re du Tchad, du Nigeria, du Niger et du Cameroun, cette \u00e9tendue d&rsquo;eau mar\u00e9cageuse est parsem\u00e9e d&rsquo;\u00eeles dont certaines sont devenues le rep\u00e8re des membres du groupe jihadiste, qui profitent entre autres d&rsquo;un terrain qui les avantage.<\/p>\n<p><strong>Attaque surprise<\/strong><\/p>\n<p>Les affrontements de Boma ont dur\u00e9 plus de sept heures. Les renforts envoy\u00e9s par l&rsquo;arm\u00e9e tchadienne vers la presqu&rsquo;\u00eele se sont embourb\u00e9s et ont eux-m\u00eames \u00e9t\u00e9 pris pour cible, ont affirm\u00e9 plusieurs sources militaires \u00e0 l&rsquo;AFP.<\/p>\n<p>\u00ab\u00a0Le camp se trouve sur une \u00eele o\u00f9 tous les axes sont \u00e9troitement contr\u00f4l\u00e9s par les \u00e9l\u00e9ments de Boko Haram, ils ont quitt\u00e9 les lieux de leur propre gr\u00e9, sans qu&rsquo;ils ne soient contraints ou mis en d\u00e9route par l&rsquo;arm\u00e9e tchadienne\u00a0\u00bb, d\u00e9nonce un autre responsable de la s\u00e9curit\u00e9 de la r\u00e9gion.<\/p>\n<p>Selon un autre militaire, 24 v\u00e9hicules de l&rsquo;arm\u00e9e ont \u00e9t\u00e9 d\u00e9truits dont des blind\u00e9s, tandis que du mat\u00e9riel militaire a \u00e9t\u00e9 r\u00e9cup\u00e9r\u00e9 et emport\u00e9 sur cinq hors-bords par des \u00e9l\u00e9ments de Boko Haram.\u00a0<\/p>\n<p>L&rsquo;arm\u00e9e tchadienne a \u00e9t\u00e9 attaqu\u00e9e par surprise vers 5h du matin, alors que les assauts de Boko Haram se produisaient jusqu&rsquo;\u00e0 pr\u00e9sent vers minuit, d\u00e9taille cette m\u00eame source.<\/p>\n<p><strong>\u00ab\u00a0R\u00e9plique foudroyante\u00a0\u00bb<\/strong><\/p>\n<p>Le pr\u00e9sident D\u00e9by, cit\u00e9 par Tchadinfos, a pour sa part d\u00e9cid\u00e9 de rester dans la province du Lac, affirmant qu&rsquo;il pr\u00e9parait une \u00ab\u00a0r\u00e9plique foudroyante\u00a0\u00bb.<\/p>\n<p>L&rsquo;insurrection de Boko Haram a fait 35 000 morts et pr\u00e8s de deux millions de d\u00e9plac\u00e9s dans le nord-est du Nigeria depuis son d\u00e9but en 2009, selon l&rsquo;ONU.<\/p>\n<p>Depuis 2015, les pays de la r\u00e9gion luttent contre ces jihadistes au sein de la Force multinationale mixte (FMM), une coalition r\u00e9gionale engag\u00e9e autour du lac Tchad avec l&rsquo;aide de comit\u00e9s de vigilance compos\u00e9s d&rsquo;habitants. Mais les forces arm\u00e9es peinent \u00e0 faire face \u00e0 l&rsquo;action des jihadistes.<\/p>\n<p>Auteur: letemps1<br \/>\n<a href=\"http:\/\/www.letemps.com.tn\/article\/112156\/pr%C3%A8s-de-cent-militaires-tu%C3%A9s-au-tchad\">Cliquez ici pour lire l&rsquo;article depuis sa source.<\/a><\/p>\n","protected":false},"excerpt":{"rendered":"<p>Boko Haram a tu\u00e9 pr\u00e8s de 100 militaires tchadiens dans une attaque \u00e0 Boma, dans la province du Lac, affaiblissant l&rsquo;arm\u00e9e tchadienne dans cette r\u00e9gion frontali\u00e8re o\u00f9 le groupe terroriste multiplie les attaques ces derniers mois. Le pr\u00e9sident Idriss D\u00e9by Itno s&rsquo;est rendu en personne sur les lieux de l&rsquo;attaque mardi 24 mars pour \u00ab\u00a0s&rsquo;incliner [&hellip;]<\/p>\n","protected":false},"author":1773,"featured_media":0,"comment_status":"closed","ping_status":"closed","sticky":false,"template":"","format":"standard","meta":{"fifu_image_url":"","fifu_image_alt":"","footnotes":""},"categories":[73,55],"tags":[],"class_list":["post-80255","post","type-post","status-publish","format-standard","hentry","category-actualite","category-tunisie"],"_links":{"self":[{"href":"https:\/\/linitiative.ca\/International\/wp-json\/wp\/v2\/posts\/80255","targetHints":{"allow":["GET"]}}],"collection":[{"href":"https:\/\/linitiative.ca\/International\/wp-json\/wp\/v2\/posts"}],"about":[{"href":"https:\/\/linitiative.ca\/International\/wp-json\/wp\/v2\/types\/post"}],"author":[{"embeddable":true,"href":"https:\/\/linitiative.ca\/International\/wp-json\/wp\/v2\/users\/1773"}],"replies":[{"embeddable":true,"href":"https:\/\/linitiative.ca\/International\/wp-json\/wp\/v2\/comments?post=80255"}],"version-history":[{"count":0,"href":"https:\/\/linitiative.ca\/International\/wp-json\/wp\/v2\/posts\/80255\/revisions"}],"wp:attachment":[{"href":"https:\/\/linitiative.ca\/International\/wp-json\/wp\/v2\/media?parent=80255"}],"wp:term":[{"taxonomy":"category","embeddable":true,"href":"https:\/\/linitiative.ca\/International\/wp-json\/wp\/v2\/categories?post=80255"},{"taxonomy":"post_tag","embeddable":true,"href":"https:\/\/linitiative.ca\/International\/wp-json\/wp\/v2\/tags?post=80255"}],"curies":[{"name":"wp","href":"https:\/\/api.w.org\/{rel}","templated":true}]}}