{"id":80275,"date":"2020-03-25T16:44:57","date_gmt":"2020-03-25T20:44:57","guid":{"rendered":"https:\/\/linitiative.ca\/International\/peines-confirmees-pour-ouyahia-et-sellal-et-allegees-pour-les-autres\/"},"modified":"2020-03-25T16:44:57","modified_gmt":"2020-03-25T20:44:57","slug":"peines-confirmees-pour-ouyahia-et-sellal-et-allegees-pour-les-autres","status":"publish","type":"post","link":"https:\/\/linitiative.ca\/International\/peines-confirmees-pour-ouyahia-et-sellal-et-allegees-pour-les-autres\/","title":{"rendered":"Peines confirm\u00e9es pour Ouyahia et Sellal et all\u00e9g\u00e9es pour les autres"},"content":{"rendered":"<p><br class=\"autobr\"\/><strong>Le pr\u00e9sident de la premi\u00e8re chambre p\u00e9nale de la Cour d\u2019appel d\u2019Alger a prononc\u00e9 ce mercredi son verdict dans l\u2019affaire du montage automobile.<\/strong><\/p>\n<p><br class=\"autobr\"\/><br \/>\nAinsi le pr\u00e9sident en charge du dossier a confirm\u00e9 les peines prononc\u00e9es par le pr\u00e9sident du p\u00f4le judiciaire du tribunal de Sidi-M\u2019hamed lesquelles \u00e9taient de quinze et douze ans de prison ferme concernant respectivement les deux ex-Premiers ministres Ahmed Ouyahia et Abdelmalek Sellal. Le pr\u00e9sident a par contre all\u00e9g\u00e9 les peines contre les deux ex-ministres Bedda Mahdjoub et Youcef Yousfi\u00a0; ces derniers ont \u00e9t\u00e9 condamn\u00e9s \u00e0 cinq ans de prison ferme.<\/p>\n<p><br class=\"autobr\"\/><br \/>\nIl a par ailleurs confirm\u00e9 la relaxe de l\u2019ex-ministre des Transports Abdelghani Za\u00e2lane. Le magistrat en charge de l\u2019affaire a condamn\u00e9 les hommes d\u2019affaires Ahmed Maazouz, Hassen Arbaoui et Ali Haddad \u00e0 quatre ans de prison ferme. L\u2019homme d\u2019affaires Mohamed Ba\u00efri s\u2019est vu confirmer la premi\u00e8re peine prononc\u00e9e par le juge de la premi\u00e8re instance \u00e0 savoir le tribunal de Sidi M\u2019Hamed qui \u00e9tait de trois ans de prison ferme. Le fils de l\u2019ex-Premier ministre Far\u00e8s Sellal a b\u00e9n\u00e9fici\u00e9 de larges circonstances att\u00e9nuantes ce qui a r\u00e9duit sa peine \u00e0 deux ans de prison ferme.<\/p>\n<p><br class=\"autobr\"\/><br \/>\nLa m\u00eame peine a \u00e9t\u00e9 inflig\u00e9e \u00e0 l\u2019ancienne wali de Boumerd\u00e8s Nouria Zerhouni qui a \u00e9cop\u00e9 lors de son premier jugement de cinq ans de prison fermes. L\u2019ancien PDG de la BNA Achour Abboud a \u00e9t\u00e9 blanchi des graves accusations port\u00e9es contre lui au cours de l\u2019instruction judiciaire. L\u2019ancienne directrice de l\u2019industrie au niveau du minist\u00e8re Hassiba Makraoui a b\u00e9n\u00e9fici\u00e9 de la relaxe.<\/p>\n<p><br class=\"autobr\"\/><strong><span class=\"c5\">A lire aussi\u00a0:\u00a0<\/span><a href=\"http:\/\/www.jeune-independant.net\/Affaires-de-montage-automobile.html\" target=\"_blank\" rel=\"noopener noreferrer\"><span class=\"c5\">AFFAIRES DE MONTAGE AUTOMOBILE\u00a0: POURSUITE DU PROC\u00c8S PAR LES PLAIDOIRIES DE LA D\u00c9FENSE<\/span><\/a><\/strong><\/p>\n<p>Auteur: Boudjedri<br \/>\n<a href=\"http:\/\/www.jeune-independant.net\/Peines-confirmees-pour-Ouyahia-et.html\">Cliquez ici pour lire l&rsquo;article depuis sa source.<\/a><\/p>\n","protected":false},"excerpt":{"rendered":"<p>Le pr\u00e9sident de la premi\u00e8re chambre p\u00e9nale de la Cour d\u2019appel d\u2019Alger a prononc\u00e9 ce mercredi son verdict dans l\u2019affaire du montage automobile. Ainsi le pr\u00e9sident en charge du dossier a confirm\u00e9 les peines prononc\u00e9es par le pr\u00e9sident du p\u00f4le judiciaire du tribunal de Sidi-M\u2019hamed lesquelles \u00e9taient de quinze et douze ans de prison ferme [&hellip;]<\/p>\n","protected":false},"author":1737,"featured_media":0,"comment_status":"closed","ping_status":"closed","sticky":false,"template":"","format":"standard","meta":{"fifu_image_url":"","fifu_image_alt":"","footnotes":""},"categories":[73,53],"tags":[],"class_list":["post-80275","post","type-post","status-publish","format-standard","hentry","category-actualite","category-algerie"],"_links":{"self":[{"href":"https:\/\/linitiative.ca\/International\/wp-json\/wp\/v2\/posts\/80275","targetHints":{"allow":["GET"]}}],"collection":[{"href":"https:\/\/linitiative.ca\/International\/wp-json\/wp\/v2\/posts"}],"about":[{"href":"https:\/\/linitiative.ca\/International\/wp-json\/wp\/v2\/types\/post"}],"author":[{"embeddable":true,"href":"https:\/\/linitiative.ca\/International\/wp-json\/wp\/v2\/users\/1737"}],"replies":[{"embeddable":true,"href":"https:\/\/linitiative.ca\/International\/wp-json\/wp\/v2\/comments?post=80275"}],"version-history":[{"count":0,"href":"https:\/\/linitiative.ca\/International\/wp-json\/wp\/v2\/posts\/80275\/revisions"}],"wp:attachment":[{"href":"https:\/\/linitiative.ca\/International\/wp-json\/wp\/v2\/media?parent=80275"}],"wp:term":[{"taxonomy":"category","embeddable":true,"href":"https:\/\/linitiative.ca\/International\/wp-json\/wp\/v2\/categories?post=80275"},{"taxonomy":"post_tag","embeddable":true,"href":"https:\/\/linitiative.ca\/International\/wp-json\/wp\/v2\/tags?post=80275"}],"curies":[{"name":"wp","href":"https:\/\/api.w.org\/{rel}","templated":true}]}}