{"id":80277,"date":"2020-03-25T19:56:44","date_gmt":"2020-03-25T23:56:44","guid":{"rendered":"https:\/\/linitiative.ca\/International\/le-monde-post-coronavirus-se-profile-a-lhorizon\/"},"modified":"2020-03-25T19:56:44","modified_gmt":"2020-03-25T23:56:44","slug":"le-monde-post-coronavirus-se-profile-a-lhorizon","status":"publish","type":"post","link":"https:\/\/linitiative.ca\/International\/le-monde-post-coronavirus-se-profile-a-lhorizon\/","title":{"rendered":"Le monde post-Coronavirus se profile \u00e0 l&rsquo;horizon"},"content":{"rendered":"<p><br class=\"autobr\"\/><strong>Souvent l\u2019histoire retient des dates qui symbolisent le basculement d\u2019un ordre ancien vers un nouvel ordre. Ce fut le cas de la Guerre des Trente ans au XVII\u00e8me si\u00e8cle qui a consacr\u00e9 la primaut\u00e9 de l\u2019Etat-Nation, du Congr\u00e8s de Vienne en 1814-1815 apr\u00e8s les guerres napol\u00e9oniennes en Europe, des trait\u00e9s de Versailles en 1919 et de celui de Yalta en 1945.<\/strong><\/p>\n<p>Si la chute du mur de Berlin en 1989 a consacr\u00e9 la primaut\u00e9 am\u00e9ricaine dans l\u2019ordre international, la pand\u00e9mie du Coronavirus en 2020 annonce-t-elle justement la fin de la pax americana au profit d\u2019un nouveau duopole russo-chinois\u00a0?<br \/>En effet, la pand\u00e9mie qui ravage la plan\u00e8te accentue une tendance de repliement des Etats-Nations sur eux-m\u00eames. Les grands ensembles g\u00e9opolitiques supranationaux de type Union europ\u00e9enne sont confront\u00e9s \u00e0 une tr\u00e8s forte pression qui pr\u00f4ne le retour aux politiques nationales aux d\u00e9pends des politiques communautaires, Brexit aidant. L\u2019exemple de la d\u00e9tresse italienne est \u00e9loquent. Ce ne sont pas ses partenaires europ\u00e9ens qui ont vol\u00e9 \u00e0 son secours, ce sont bien la Chine, la Russie et Cuba qui ont apport\u00e9 aide mat\u00e9rielle, m\u00e9dicale et humaine.<br \/>Le grand exemple de cet \u00e9go\u00efsme ambiant est incarn\u00e9 par les Etats-Unis. Sous la houlette d\u2019un Donald Trump \u00e9lu avec le slogan America First, Washington prouve, contrairement \u00e0 une tradition messianique et internationaliste am\u00e9ricaine, que le temps du repli sur soi est peut-\u00eatre venu.\u00a0<\/p>\n<p><br class=\"autobr\"\/><br \/>\nOn est loin de l\u2019engagement am\u00e9ricain aux c\u00f4t\u00e9s de bin\u00f4me franco-britannique en 1917 contre l\u2019Allemagne wilhelmienne, puis en 1941 contre les puissances de l\u2019Axe (Allemagne-Italie-Japon). On est surtout tr\u00e8s loin du plan Marshall initi\u00e9 pour contrer le communisme sovi\u00e9tique en reconstruisant l\u2019Europe de l\u2019Ouest ravag\u00e9e par la Seconde Guerre mondiale.<\/p>\n<p><br class=\"autobr\"\/><br \/>\nL\u2019abandon par le vaisseau amiral atlantiste de l\u2019un de ses principaux b\u00e2timents, l\u2019Italie en l\u2019occurrence, est r\u00e9v\u00e9lateur de cette tendance non pas isolationniste mais v\u00e9ritablement \u00e9go\u00efste\u00a0!<\/p>\n<blockquote readability=\"9\">\n<p><br class=\"autobr\"\/><strong><span class=\"c5\">Si tous les chemins m\u00e8nent \u00e0 Rome comme dit l\u2019adage, ce sont les Chinois en premier, suivis par les Russes et les Cubains qui ont port\u00e9 main forte \u00e0 une Italie l\u00e2ch\u00e9e par ses partenaires historiques.<\/span><\/strong><\/p>\n<\/blockquote>\n<p><br class=\"autobr\"\/><br \/>\nSigne des temps qui changent, le pr\u00e9sident serbe Aleksandar Vucic a embrass\u00e9 l\u2019embl\u00e8me chinois lors de la c\u00e9r\u00e9monie de r\u00e9ception de l\u2019aide de la R\u00e9publique populaire de Chine \u00e0 son pays.<\/p>\n<p><br class=\"autobr\"\/><br \/>\nCe que le Premier ministre italien Giuseppe Conte n\u2019a pas dit, le pr\u00e9sident serbe Aleksandar Vucic l\u2019a cri\u00e9 haut et fort lors d\u2019un discours le 16 mars.<br \/>\u00ab\u00a0Je ne tirerai pas de conclusions politiques maintenant, mais nous avons r\u00e9alis\u00e9 qu\u2019il n\u2019y a pas de solidarit\u00e9 internationale ou europ\u00e9enne, tout cela n\u2019\u00e9tant que contes de f\u00e9es\u00a0\u00bb, a-t-il ass\u00e9n\u00e9 \u00e0 l\u2019adresse de ses partenaires occidentaux.<br \/>Le coup de gr\u00e2ce, ces propos \u00e9logieux \u00e0 l\u2019adresse de P\u00e9kin. \u00ab\u00a0Seule la R\u00e9publique populaire de Chine peut nous aider dans cette situation, et j\u2019ai \u00e9crit une lettre au pr\u00e9sident Xi Jinping, dans laquelle j\u2019ai demand\u00e9 de l\u2019aide et l\u2019ai appel\u00e9 fr\u00e8re\u00a0\u00bb, a d\u00e9clar\u00e9 le pr\u00e9sident Vucic.<br \/>Ce d\u00e9sarroi europ\u00e9en contraste avec la solidarit\u00e9 mondiale exprim\u00e9e au lendemain des attentats du 11 septembre 2001, o\u00f9 les symboles de la puissance am\u00e9ricaine ont \u00e9t\u00e9 frapp\u00e9s par les attaques terroristes.<br \/>A ce souvenir d\u2019une g\u00e9n\u00e9rosit\u00e9 et d\u2019une empathie mondiales, Trump renvoi en ces moments de d\u00e9tresse universelle des signaux dignes d\u2019un chef f\u00e9odal qui d\u00e9fend son domaine sans se soucier de ses voisins.<br \/>Sa d\u00e9marche aupr\u00e8s des laboratoires pharmaceutiques pour l\u2019acquisition des licences d\u2019un \u00e9ventuel vaccin, d\u00e9nonc\u00e9e en Allemagne par les scientifiques touch\u00e9s par les services am\u00e9ricains, en est une parfaite illustration.<br \/>\u00a0<\/p>\n<blockquote readability=\"6\">\n<p><br class=\"autobr\"\/><span class=\"c5\"><strong>Mais le comble reste l\u2019attitude de Washington \u00e0 l\u2019\u00e9gard de l\u2019Iran. Ce dernier durement touch\u00e9 par le coronavirus a vu les sanctions am\u00e9ricaines se durcir \u00e0 son encontre.<\/strong><\/span><\/p>\n<\/blockquote>\n<p><br class=\"autobr\"\/><br \/>\nLes observateurs avaient pourtant pari\u00e9 sur une tr\u00eave humanitaire, Donald Trump a d\u00e9montr\u00e9 le contraire. Comme si le Covid-19 avait une nationalit\u00e9 ou une identit\u00e9 particuli\u00e8re\u00a0!<br \/>Cependant, le nature des traitements par les grandes puissances de cette pand\u00e9mie montre une tendance \u00e0 un plus grand confinement des Etats-Unis sur eux-m\u00eames, tandis que le bloc eurasiatique port\u00e9 par Moscou et P\u00e9kin prendre le relais dans cette redistribution des cartes sur le plan international.<\/p>\n<p><br class=\"autobr\"\/><br \/>\nLa strat\u00e9gie de la Ceinture et de la Route, plus connue sous le nom romantique de la nouvelle route de la Soie, telle que pr\u00f4n\u00e9e depuis deux ans par la Chine, avec sa dimension mondiale place d\u00e9sormais P\u00e9kin au c\u0153ur des nouvelles relations internationales.<br \/>De son c\u00f4t\u00e9, la Russie de Poutine, et ses politiques proactives en Syrie, en Afrique du Nord et m\u00eame en Europe occidentale (l\u2019aide \u00e0 l\u2019Italie), a fait montre d\u2019une grande d\u00e9termination \u00e0 r\u00e9occuper la place qu\u2019avait nagu\u00e8re l\u2019Union Sovi\u00e9tique, le communisme en moins.<br \/>Ainsi, l\u2019ann\u00e9e 2020 sera, vraisemblablement, l\u2019ann\u00e9e d\u2019un basculement du monde de l\u2019hyper-puissance am\u00e9ricaine \u00e0 une nouvelle gouvernance mondiale par le duopole russo-chinois, avec comme dindons de la farce, les Europ\u00e9ens.<br \/>\u00a0<\/p>\n<p>Auteur: Boudjedri<br \/>\n<a href=\"http:\/\/www.jeune-independant.net\/Le-monde-post-Coronavirus-se.html\">Cliquez ici pour lire l&rsquo;article depuis sa source.<\/a><\/p>\n","protected":false},"excerpt":{"rendered":"<p>Souvent l\u2019histoire retient des dates qui symbolisent le basculement d\u2019un ordre ancien vers un nouvel ordre. Ce fut le cas de la Guerre des Trente ans au XVII\u00e8me si\u00e8cle qui a consacr\u00e9 la primaut\u00e9 de l\u2019Etat-Nation, du Congr\u00e8s de Vienne en 1814-1815 apr\u00e8s les guerres napol\u00e9oniennes en Europe, des trait\u00e9s de Versailles en 1919 et [&hellip;]<\/p>\n","protected":false},"author":1737,"featured_media":0,"comment_status":"closed","ping_status":"closed","sticky":false,"template":"","format":"standard","meta":{"fifu_image_url":"","fifu_image_alt":"","footnotes":""},"categories":[73,53],"tags":[],"class_list":["post-80277","post","type-post","status-publish","format-standard","hentry","category-actualite","category-algerie"],"_links":{"self":[{"href":"https:\/\/linitiative.ca\/International\/wp-json\/wp\/v2\/posts\/80277","targetHints":{"allow":["GET"]}}],"collection":[{"href":"https:\/\/linitiative.ca\/International\/wp-json\/wp\/v2\/posts"}],"about":[{"href":"https:\/\/linitiative.ca\/International\/wp-json\/wp\/v2\/types\/post"}],"author":[{"embeddable":true,"href":"https:\/\/linitiative.ca\/International\/wp-json\/wp\/v2\/users\/1737"}],"replies":[{"embeddable":true,"href":"https:\/\/linitiative.ca\/International\/wp-json\/wp\/v2\/comments?post=80277"}],"version-history":[{"count":0,"href":"https:\/\/linitiative.ca\/International\/wp-json\/wp\/v2\/posts\/80277\/revisions"}],"wp:attachment":[{"href":"https:\/\/linitiative.ca\/International\/wp-json\/wp\/v2\/media?parent=80277"}],"wp:term":[{"taxonomy":"category","embeddable":true,"href":"https:\/\/linitiative.ca\/International\/wp-json\/wp\/v2\/categories?post=80277"},{"taxonomy":"post_tag","embeddable":true,"href":"https:\/\/linitiative.ca\/International\/wp-json\/wp\/v2\/tags?post=80277"}],"curies":[{"name":"wp","href":"https:\/\/api.w.org\/{rel}","templated":true}]}}