{"id":80386,"date":"2020-03-27T15:30:01","date_gmt":"2020-03-27T19:30:01","guid":{"rendered":"https:\/\/linitiative.ca\/International\/une-famille-decimee-par-le-monoxyde-de-carbone-a-mila\/"},"modified":"2020-03-27T15:30:01","modified_gmt":"2020-03-27T19:30:01","slug":"une-famille-decimee-par-le-monoxyde-de-carbone-a-mila","status":"publish","type":"post","link":"https:\/\/linitiative.ca\/International\/une-famille-decimee-par-le-monoxyde-de-carbone-a-mila\/","title":{"rendered":"Une famille d\u00e9cim\u00e9e par le monoxyde de carbone \u00e0 Mila"},"content":{"rendered":"<p><span class=\"c2\">Amine B.<\/span><\/p>\n<div readability=\"58\">\n<p><strong>Un drame \u00e0 Mila a plong\u00e9 jeudi\u00a0les habitants de toute la r\u00e9gion dans la consternation. Le confinement a eu raison de six personnes. Une famille toute enti\u00e8re a \u00e9t\u00e9 d\u00e9cim\u00e9e par le monoxyde de carbone.<br \/><\/strong> Le p\u00e8re, sa m\u00e8re, son \u00e9pouse et leurs trois enfants ont p\u00e9ri en plein sommeil dans la nuit de mercredi \u00e0 jeudi au domicile familial, \u00e0 la mechta de Smara relevant de la commune de T\u00e9leghma, au Sud de la wilaya de Mila. Une septi\u00e8me personne, un adolescent, a \u00e9t\u00e9 sauv\u00e9, il est actuellement en soins intensifs au CHU Dr Benbadis de Constantine, apr\u00e8s son transfert de la polyclinique de T\u00e9leghma o\u00f9 il a \u00e9t\u00e9 initialement \u00e9vacu\u00e9.<br \/>C\u2019est vers dix heures du matin ce jeudi que fut d\u00e9couverte la trag\u00e9die. Ayant constat\u00e9 un silence radio de la famille, des voisins et des proches, inquiets, ont d\u00fb forcer la porte d\u2019entr\u00e9e avant de d\u00e9couvrir, m\u00e9dus\u00e9s, la macabre sc\u00e8ne, explique l\u2019un d\u2019entre eux. Six corps sans vie gisaient dont certains \u00e0 m\u00eame le sol, le p\u00e8re \u00e2g\u00e9 de 44 ans, sa m\u00e8re 60 ans, l\u2019\u00e9pouse 33 ans et leurs trois enfants de 6, 10 et 12 ans. Seul un adolescent de 16 ans a surv\u00e9cu au drame.\u00a0<br \/>Une d\u00e9faillance au niveau du r\u00e9chaud est \u00e0 l\u2019origine de la trag\u00e9die, selon le constat de la Protection civile, dont les \u00e9l\u00e9ments n\u2019ont pu \u00e0 leur arriv\u00e9e que constater les d\u00e9c\u00e8s.<br \/>Les victimes ont \u00e9t\u00e9 enterr\u00e9es le m\u00eame jour, soit jeudi tard dans la nuit vers 22 heures, au cimeti\u00e8re de la localit\u00e9 en pr\u00e9sence des autorit\u00e9s locales.<br \/>Le jeune gar\u00e7on est toujours dans un \u00e9tat jug\u00e9 critique et ignore encore ce qui est arriv\u00e9 \u00e0 sa famille, \u00e0 en croire une source hospitali\u00e8re. Le p\u00e8re g\u00e9rait un commerce dans la mechta.<\/p>\n<\/div>\n<p>Auteur: Boudjedri<br \/>\n<a href=\"http:\/\/www.jeune-independant.net\/Une-famille-decimee-par-le.html\">Cliquez ici pour lire l&rsquo;article depuis sa source.<\/a><\/p>\n","protected":false},"excerpt":{"rendered":"<p>Amine B. Un drame \u00e0 Mila a plong\u00e9 jeudi\u00a0les habitants de toute la r\u00e9gion dans la consternation. Le confinement a eu raison de six personnes. Une famille toute enti\u00e8re a \u00e9t\u00e9 d\u00e9cim\u00e9e par le monoxyde de carbone. Le p\u00e8re, sa m\u00e8re, son \u00e9pouse et leurs trois enfants ont p\u00e9ri en plein sommeil dans la nuit [&hellip;]<\/p>\n","protected":false},"author":1737,"featured_media":0,"comment_status":"closed","ping_status":"closed","sticky":false,"template":"","format":"standard","meta":{"fifu_image_url":"","fifu_image_alt":"","footnotes":""},"categories":[73,53],"tags":[],"class_list":["post-80386","post","type-post","status-publish","format-standard","hentry","category-actualite","category-algerie"],"_links":{"self":[{"href":"https:\/\/linitiative.ca\/International\/wp-json\/wp\/v2\/posts\/80386","targetHints":{"allow":["GET"]}}],"collection":[{"href":"https:\/\/linitiative.ca\/International\/wp-json\/wp\/v2\/posts"}],"about":[{"href":"https:\/\/linitiative.ca\/International\/wp-json\/wp\/v2\/types\/post"}],"author":[{"embeddable":true,"href":"https:\/\/linitiative.ca\/International\/wp-json\/wp\/v2\/users\/1737"}],"replies":[{"embeddable":true,"href":"https:\/\/linitiative.ca\/International\/wp-json\/wp\/v2\/comments?post=80386"}],"version-history":[{"count":0,"href":"https:\/\/linitiative.ca\/International\/wp-json\/wp\/v2\/posts\/80386\/revisions"}],"wp:attachment":[{"href":"https:\/\/linitiative.ca\/International\/wp-json\/wp\/v2\/media?parent=80386"}],"wp:term":[{"taxonomy":"category","embeddable":true,"href":"https:\/\/linitiative.ca\/International\/wp-json\/wp\/v2\/categories?post=80386"},{"taxonomy":"post_tag","embeddable":true,"href":"https:\/\/linitiative.ca\/International\/wp-json\/wp\/v2\/tags?post=80386"}],"curies":[{"name":"wp","href":"https:\/\/api.w.org\/{rel}","templated":true}]}}