{"id":80387,"date":"2020-03-27T16:07:12","date_gmt":"2020-03-27T20:07:12","guid":{"rendered":"https:\/\/linitiative.ca\/International\/covid-19-409-cas-dont-26-deces-en-algerie\/"},"modified":"2020-03-27T16:07:12","modified_gmt":"2020-03-27T20:07:12","slug":"covid-19-409-cas-dont-26-deces-en-algerie","status":"publish","type":"post","link":"https:\/\/linitiative.ca\/International\/covid-19-409-cas-dont-26-deces-en-algerie\/","title":{"rendered":"Covid-19 : 409 cas dont 26 d\u00e9c\u00e8s en Alg\u00e9rie"},"content":{"rendered":"<p><strong>Le Covid-19 poursuit sa propagation en Alg\u00e9rie, avec 42 nouvelles contaminations\u00a0et un d\u00e9c\u00e8s enregistr\u00e9s vendredi 27 mars.<br \/>Ce nouveau bilan porte le nombre de cas confirm\u00e9s \u00e0 409 et les d\u00e9c\u00e8s \u00e0 26.<\/strong><br \/>Face \u00e0 la croissante expansion du coronavirus, le gouvernement a pris une la d\u00e9cision d\u2019\u00e9tendre le confinement partiel \u00e0 9 wilayas.<br \/>\u00ab\u00a0quarante-deux (42) nouveaux cas de coronavirus (Covid-19), dont un (01) d\u00e9c\u00e8s, ont \u00e9t\u00e9 enregistr\u00e9s durant les derni\u00e8res 24 heures, portant le nombre de cas confirm\u00e9s \u00e0 409, et le nombre des d\u00e9c\u00e8s \u00e0 26\u00a0\u00bb a r\u00e9v\u00e9l\u00e9, le professeur Djamel Fourar, porte-parole du Comit\u00e9 scientifique de suivi de l\u2019\u00e9volution de la pand\u00e9mie du Coronavirus.<br \/>Le cas de d\u00e9c\u00e8s concerne une femme immigr\u00e9e, \u00e2g\u00e9e de 71 ans, originaire de la wilaya de Bordj Bou Arreridj.<br \/>Il a fait \u00e9galement \u00e9tat de 386 personnes soup\u00e7onn\u00e9es d\u2019\u00eatre porteuses du coronavirus qui sont actuellement dans des structures hospitali\u00e8res, alors que vingt-quatre (24) patients sont gu\u00e9ris et ont quitt\u00e9 les structures sanitaires.<br \/>Pour endiguer la maladie, le Premier ministre, Abdelaziz Djerad\u00a0a d\u00e9cid\u00e9 l\u2019extension de la mesure de confinement partiel de 19h \u00e0 07h, \u00e0 neuf wilayas.<br \/>Cette mesure, qui entre aujourd\u2019hui en\u00a0vigueur, concerne la wilaya de Batna, Tizi-Ouzou, S\u00e9tif, Constantine, M\u00e9d\u00e9a, Oran, Boumerdes, El Oued et Tipaza.<br \/>Pour sa part le ministre de la Sant\u00e9, de la Population et de la R\u00e9forme hospitali\u00e8re, Abderrahmane Benbouzid a rassur\u00e9 les professionnels de la sant\u00e9 quant \u00e0 la fourniture de tous les \u00e9quipements de protection du Covid-19 lors de l\u2019exercice de leur travail.<br \/>Il a \u00e9galement annonc\u00e9, la r\u00e9ception, dans les jours \u00e0 venir, d\u2019un nombre suffisant de masques destin\u00e9s aux praticiens de la sant\u00e9.<br \/>Le premier responsable du secteur a \u00e9galement r\u00e9it\u00e9r\u00e9 l\u2019engagement des Pouvoirs publics \u00e0 fournir toutes les conditions, notamment le transport et l\u2019h\u00e9bergement, pour permettre aux professionnels de la sant\u00e9 d\u2019exercer leur travail en cette conjoncture difficile qui requiert, a-t-il ajout\u00e9, la mobilisation de tout un chacun.<br \/>La pand\u00e9mie du coronavirus, qui a d\u00e9j\u00e0 tu\u00e9 plus de 25.000 personnes \u00e0 travers le monde, a continu\u00e9 hier de d\u00e9vaster l\u2019Europe avec l\u2019annonce d\u2019un nombre record de morts en 24 heures pour l\u2019Espagne, la contamination au Royaume-Uni de Boris Johnson, et une s\u00e9v\u00e8re mise en garde des autorit\u00e9s en France.<br \/>Mais si l\u2019\u00e9picentre de la maladie COVID-19 reste l\u2019Europe avec plus de 275.000 cas officiellement diagnostiqu\u00e9s, les Etats-Unis semblent en voie de d\u00e9passer \u00e0 terme le Vieux continent.<br \/>Pour sa part la directrice r\u00e9gionale de l\u2019Organisation mondiale de la Sant\u00e9 (OMS) pour l\u2019Afrique a exprim\u00e9 sa pr\u00e9occupation face \u00e0 l\u2019\u00e9volution de l\u2019\u00e9pid\u00e9mie du nouveau Coronavirus (Covid-19) en Afrique, o\u00f9 d\u00e9sormais une quarantaine de pays sont touch\u00e9s contre un seul il y a un mois.<br \/>\u00ab\u00a0La situation est tr\u00e8s pr\u00e9occupante avec une \u00e9volution dramatique\u00a0: une augmentation g\u00e9ographique du nombre de pays et aussi l\u2019augmentation du nombre de cas infect\u00e9s\u00a0\u00bb, a d\u00e9clar\u00e9 Matshidiso Rebecca Moeti cit\u00e9 par des m\u00e9dias.<br \/>\u00ab\u00a0Il y a un mois, il n\u2019y avait qu\u2019un seul pays dans la r\u00e9gion africaine de l\u2019OMS&#8230; Deux semaines plus tard, \u00ab\u00a0il y avait 5 pays avec 50 cas.\u00a0Maintenant, depuis deux ou trois jours, nous avons 39 pays avec environ 300 cas par jour\u00a0\u00bb, soit un total de 2.234 cas \u00e0 ce jour, a-t-elle d\u00e9taill\u00e9.<br \/>\u00ab\u00a0Il y avait aussi presque 40 d\u00e9c\u00e8s rapport\u00e9s et quelque 70 personnes gu\u00e9ries. Donc c\u2019est une \u00e9volution tr\u00e8s pr\u00e9occupante\u00a0\u00bb, a insist\u00e9 la responsable r\u00e9gionale de l\u2019OMS en appelant \u00e0 son tour \u00e0 \u00ab\u00a0intensifier toutes les actions par les pays africains, avec l\u2019appui de l\u2019OMS et des partenaires\u00a0\u00bb.<\/p>\n<p>Auteur: Boudjedri<br \/>\n<a href=\"http:\/\/www.jeune-independant.net\/Covid-19-409-cas-dont-26-deces-en.html\">Cliquez ici pour lire l&rsquo;article depuis sa source.<\/a><\/p>\n","protected":false},"excerpt":{"rendered":"<p>Le Covid-19 poursuit sa propagation en Alg\u00e9rie, avec 42 nouvelles contaminations\u00a0et un d\u00e9c\u00e8s enregistr\u00e9s vendredi 27 mars.Ce nouveau bilan porte le nombre de cas confirm\u00e9s \u00e0 409 et les d\u00e9c\u00e8s \u00e0 26.Face \u00e0 la croissante expansion du coronavirus, le gouvernement a pris une la d\u00e9cision d\u2019\u00e9tendre le confinement partiel \u00e0 9 wilayas.\u00ab\u00a0quarante-deux (42) nouveaux cas [&hellip;]<\/p>\n","protected":false},"author":1737,"featured_media":0,"comment_status":"closed","ping_status":"closed","sticky":false,"template":"","format":"standard","meta":{"fifu_image_url":"","fifu_image_alt":"","footnotes":""},"categories":[73,53],"tags":[],"class_list":["post-80387","post","type-post","status-publish","format-standard","hentry","category-actualite","category-algerie"],"_links":{"self":[{"href":"https:\/\/linitiative.ca\/International\/wp-json\/wp\/v2\/posts\/80387","targetHints":{"allow":["GET"]}}],"collection":[{"href":"https:\/\/linitiative.ca\/International\/wp-json\/wp\/v2\/posts"}],"about":[{"href":"https:\/\/linitiative.ca\/International\/wp-json\/wp\/v2\/types\/post"}],"author":[{"embeddable":true,"href":"https:\/\/linitiative.ca\/International\/wp-json\/wp\/v2\/users\/1737"}],"replies":[{"embeddable":true,"href":"https:\/\/linitiative.ca\/International\/wp-json\/wp\/v2\/comments?post=80387"}],"version-history":[{"count":0,"href":"https:\/\/linitiative.ca\/International\/wp-json\/wp\/v2\/posts\/80387\/revisions"}],"wp:attachment":[{"href":"https:\/\/linitiative.ca\/International\/wp-json\/wp\/v2\/media?parent=80387"}],"wp:term":[{"taxonomy":"category","embeddable":true,"href":"https:\/\/linitiative.ca\/International\/wp-json\/wp\/v2\/categories?post=80387"},{"taxonomy":"post_tag","embeddable":true,"href":"https:\/\/linitiative.ca\/International\/wp-json\/wp\/v2\/tags?post=80387"}],"curies":[{"name":"wp","href":"https:\/\/api.w.org\/{rel}","templated":true}]}}