{"id":80398,"date":"2020-03-27T16:15:57","date_gmt":"2020-03-27T20:15:57","guid":{"rendered":"https:\/\/linitiative.ca\/International\/coronavirus-global-engines-importateur-de-hyundai-fait-don-de-25-ambulances\/"},"modified":"2020-03-27T16:15:57","modified_gmt":"2020-03-27T20:15:57","slug":"coronavirus-global-engines-importateur-de-hyundai-fait-don-de-25-ambulances","status":"publish","type":"post","link":"https:\/\/linitiative.ca\/International\/coronavirus-global-engines-importateur-de-hyundai-fait-don-de-25-ambulances\/","title":{"rendered":"Coronavirus : Global Engines, importateur de Hyundai, fait don de 25 ambulances"},"content":{"rendered":"<p><strong>Global Engines, l\u2019importateur et distributeur attitr\u00e9 de Hyundai dans le Royaume, a fait don de 25 ambulances \u00e9quip\u00e9es au profit du Minist\u00e8re de la Sant\u00e9.<\/strong><\/p>\n<div class=\"c10\"\/>\n<p>L\u2019objectif \u00e9tant de renforcer les moyens n\u00e9cessaires \u00e0 la prise en charge des malades. Un don qui, selon l\u2019op\u00e9rateur automobile, s\u2019inscrit dans le cadre de l\u2019\u00e9lan de solidarit\u00e9 incit\u00e9 par Sa Majest\u00e9 le Roi Mohammed VI, mais aussi au regard de la mobilisation g\u00e9n\u00e9rale du Royaume pour lutter contre l\u2019\u00e9pid\u00e9mie du Covid-19.<\/p>\n<p>Une action qui s\u2019inscrit \u00e9galement dans le cadre de l\u2019engagement soci\u00e9tal dont fait preuve Global Engines depuis plusieurs ann\u00e9es \u00e0 travers le soutien de plusieurs domaines dont la sant\u00e9, l\u2019\u00e9ducation et le sport marocain.<\/p>\n<p><em>\u00abEn tant qu\u2019entreprise citoyenne, nous sommes responsables vis-\u00e0-vis de notre pays et nous sommes tenus d\u2019\u00eatre au rendez-vous pour soutenir et contribuer \u00e0 la gestion de la pand\u00e9mie Covid-19. Notre pays a besoin que nous soyons tous solidaires face \u00e0 cette crise sans pr\u00e9c\u00e9dent\u00bb<\/em>, s\u2019est exprim\u00e9 le staff manag\u00e9rial de Global Engines.<\/p>\n<p>\u00c0 noter que l\u2019importateur de la marque automobile sud-cor\u00e9enne a \u00e9galement pris la d\u00e9cision de fermer provisoirement l\u2019ensemble de ses concessions en soutien \u00e0 l\u2019\u00e9tat d\u2019urgence sanitaire d\u00e9clar\u00e9 par le gouvernement, afin d\u2019assurer la s\u00e9curit\u00e9 de ses clients et de ses employ\u00e9s.<\/p>\n<p>Toujours est-il qu\u2019une permanence au niveau de ses services apr\u00e8s-vente est effective du lundi au vendredi de 9h \u00e0 15h pour la gestion des demandes de ses clients dans le respect des normes sanitaires les plus strictes.<\/p>\n<div class=\"c17\">\n<fieldset class=\"c16\">\n<legend><strong><span class=\"c11\">Challenge<\/span><span class=\"c12\">news<\/span><\/strong><\/legend>\n<div class=\"c15\">Le meilleur de Challenge s\u00e9lectionn\u00e9 par la r\u00e9daction :<\/p>\n<\/div>\n<\/fieldset>\n<\/div>\n<p>Auteur: David J\u00e9r\u00e9mie<br \/>\n<a href=\"https:\/\/www.challenge.ma\/coronavirus-global-engines-fait-don-de-25-ambulances-134757\/\">Cliquez ici pour lire l&rsquo;article depuis sa source.<\/a><\/p>\n","protected":false},"excerpt":{"rendered":"<p>Global Engines, l\u2019importateur et distributeur attitr\u00e9 de Hyundai dans le Royaume, a fait don de 25 ambulances \u00e9quip\u00e9es au profit du Minist\u00e8re de la Sant\u00e9. L\u2019objectif \u00e9tant de renforcer les moyens n\u00e9cessaires \u00e0 la prise en charge des malades. Un don qui, selon l\u2019op\u00e9rateur automobile, s\u2019inscrit dans le cadre de l\u2019\u00e9lan de solidarit\u00e9 incit\u00e9 par [&hellip;]<\/p>\n","protected":false},"author":1787,"featured_media":0,"comment_status":"closed","ping_status":"closed","sticky":false,"template":"","format":"standard","meta":{"fifu_image_url":"","fifu_image_alt":"","footnotes":""},"categories":[78,54],"tags":[],"class_list":["post-80398","post","type-post","status-publish","format-standard","hentry","category-economie","category-maroc"],"_links":{"self":[{"href":"https:\/\/linitiative.ca\/International\/wp-json\/wp\/v2\/posts\/80398","targetHints":{"allow":["GET"]}}],"collection":[{"href":"https:\/\/linitiative.ca\/International\/wp-json\/wp\/v2\/posts"}],"about":[{"href":"https:\/\/linitiative.ca\/International\/wp-json\/wp\/v2\/types\/post"}],"author":[{"embeddable":true,"href":"https:\/\/linitiative.ca\/International\/wp-json\/wp\/v2\/users\/1787"}],"replies":[{"embeddable":true,"href":"https:\/\/linitiative.ca\/International\/wp-json\/wp\/v2\/comments?post=80398"}],"version-history":[{"count":0,"href":"https:\/\/linitiative.ca\/International\/wp-json\/wp\/v2\/posts\/80398\/revisions"}],"wp:attachment":[{"href":"https:\/\/linitiative.ca\/International\/wp-json\/wp\/v2\/media?parent=80398"}],"wp:term":[{"taxonomy":"category","embeddable":true,"href":"https:\/\/linitiative.ca\/International\/wp-json\/wp\/v2\/categories?post=80398"},{"taxonomy":"post_tag","embeddable":true,"href":"https:\/\/linitiative.ca\/International\/wp-json\/wp\/v2\/tags?post=80398"}],"curies":[{"name":"wp","href":"https:\/\/api.w.org\/{rel}","templated":true}]}}