{"id":80399,"date":"2020-03-27T16:01:02","date_gmt":"2020-03-27T20:01:02","guid":{"rendered":"https:\/\/linitiative.ca\/International\/tunisie-reprise-de-la-convention-entre-la-cnam-et-les-pharmaciens-officinaux\/"},"modified":"2020-03-27T16:01:02","modified_gmt":"2020-03-27T20:01:02","slug":"tunisie-reprise-de-la-convention-entre-la-cnam-et-les-pharmaciens-officinaux","status":"publish","type":"post","link":"https:\/\/linitiative.ca\/International\/tunisie-reprise-de-la-convention-entre-la-cnam-et-les-pharmaciens-officinaux\/","title":{"rendered":"Tunisie \u2013 Reprise de la convention entre la CNAM et les pharmaciens officinaux"},"content":{"rendered":"<div class=\"post-cont-in left relative\">\n<p>Le conseil de l\u2019ordre des pharmaciens et le syndicat des pharmaciens officinaux ont consenti de revenir \u00e0 l\u2019application de la convention qui les lie \u00e0 la CNAM, selon des dispositions qui seront fix\u00e9es ult\u00e9rieurement.<\/p>\n<div class=\"code-block code-block-1 c3\"><ins class=\"adsbygoogle c2\" data-ad-layout=\"in-article\" data-ad-format=\"fluid\" data-ad-client=\"ca-pub-2102118777505746\" data-ad-slot=\"7301775417\"\/> <\/div>\n<p>Cette d\u00e9cision prise par les pharmaciens \u00e9mane de leur sentiment du devoir national et de la n\u00e9cessit\u00e9 de faire en sorte que l\u2019assur\u00e9 social puisse b\u00e9n\u00e9ficier des meilleures conditions de prise en charge et de traitement, en cette phase critique de pand\u00e9mie.<\/p>\n<div class=\"swp_social_panel swp_horizontal_panel swp_flat_fresh swp_default_full_color swp_individual_full_color swp_other_full_color scale-100 scale-\" data-min-width=\"1100\" data-float-color=\"#ffffff\" data-float=\"bottom\" data-float-mobile=\"bottom\" data-transition=\"slide\">\n<div class=\"nc_tweetContainer swp_share_button total_shares total_sharesalt\"><span class=\"swp_count\">23 <span class=\"swp_label\">Partages<\/span><\/span><\/div>\n<\/div>\n<p><strong>Que se passe-t-il en Tunisie?<\/strong><br \/>Nous expliquons sur notre <a href=\"https:\/\/www.youtube.com\/channel\/UCRzypVq0B_yBad5eGrwBx0Q?sub_confirmation=1\" target=\"_blank\" rel=\"noopener noreferrer\">cha\u00eene YouTube<\/a> . <a href=\"https:\/\/www.youtube.com\/channel\/UCRzypVq0B_yBad5eGrwBx0Q?sub_confirmation=1\" target=\"_blank\" rel=\"noopener noreferrer\">Abonnez-vous!<\/a><\/p>\n<div class=\"mvp-org-wrap mvp-org-logo\" itemprop=\"publisher\" itemscope=\"\" itemtype=\"https:\/\/schema.org\/Organization\"><img decoding=\"async\" src=\"https:\/\/www.tunisienumerique.com\/wp-content\/uploads\/2017\/02\/logo_tunisie_numerique.png\"\/><\/div>\n<div class=\"mvp-related-posts left relative\">\n<h4 class=\"post-header\"><span class=\"post-header\">Lire aussi<\/span><\/h4>\n<\/div>\n<div id=\"article-ad\"><ins class=\"adsbygoogle c4\" data-ad-client=\"ca-pub-2102118777505746\" data-ad-slot=\"6513972734\" data-ad-format=\"auto\" data-full-width-responsive=\"true\"\/> <\/div>\n<\/div>\n<div id=\"post-sidebar-wrap\"><ins class=\"adsbygoogle c4\" data-ad-client=\"ca-pub-2102118777505746\" data-ad-slot=\"6168283410\" data-ad-format=\"auto\" data-full-width-responsive=\"true\"\/> <\/div>\n<p>Auteur: LM<br \/>\n<a href=\"https:\/\/www.tunisienumerique.com\/tunisie-reprise-de-la-convention-entre-la-cnam-et-les-pharmaciens-officinaux\/\">Cliquez ici pour lire l&rsquo;article depuis sa source.<\/a><\/p>\n","protected":false},"excerpt":{"rendered":"<p>Le conseil de l\u2019ordre des pharmaciens et le syndicat des pharmaciens officinaux ont consenti de revenir \u00e0 l\u2019application de la convention qui les lie \u00e0 la CNAM, selon des dispositions qui seront fix\u00e9es ult\u00e9rieurement. Cette d\u00e9cision prise par les pharmaciens \u00e9mane de leur sentiment du devoir national et de la n\u00e9cessit\u00e9 de faire en sorte [&hellip;]<\/p>\n","protected":false},"author":1789,"featured_media":80400,"comment_status":"closed","ping_status":"closed","sticky":false,"template":"","format":"standard","meta":{"fifu_image_url":"","fifu_image_alt":"","footnotes":""},"categories":[73,55],"tags":[],"class_list":["post-80399","post","type-post","status-publish","format-standard","has-post-thumbnail","hentry","category-actualite","category-tunisie"],"_links":{"self":[{"href":"https:\/\/linitiative.ca\/International\/wp-json\/wp\/v2\/posts\/80399","targetHints":{"allow":["GET"]}}],"collection":[{"href":"https:\/\/linitiative.ca\/International\/wp-json\/wp\/v2\/posts"}],"about":[{"href":"https:\/\/linitiative.ca\/International\/wp-json\/wp\/v2\/types\/post"}],"author":[{"embeddable":true,"href":"https:\/\/linitiative.ca\/International\/wp-json\/wp\/v2\/users\/1789"}],"replies":[{"embeddable":true,"href":"https:\/\/linitiative.ca\/International\/wp-json\/wp\/v2\/comments?post=80399"}],"version-history":[{"count":0,"href":"https:\/\/linitiative.ca\/International\/wp-json\/wp\/v2\/posts\/80399\/revisions"}],"wp:featuredmedia":[{"embeddable":true,"href":"https:\/\/linitiative.ca\/International\/wp-json\/"}],"wp:attachment":[{"href":"https:\/\/linitiative.ca\/International\/wp-json\/wp\/v2\/media?parent=80399"}],"wp:term":[{"taxonomy":"category","embeddable":true,"href":"https:\/\/linitiative.ca\/International\/wp-json\/wp\/v2\/categories?post=80399"},{"taxonomy":"post_tag","embeddable":true,"href":"https:\/\/linitiative.ca\/International\/wp-json\/wp\/v2\/tags?post=80399"}],"curies":[{"name":"wp","href":"https:\/\/api.w.org\/{rel}","templated":true}]}}