{"id":80418,"date":"2020-03-27T16:18:04","date_gmt":"2020-03-27T20:18:04","guid":{"rendered":"https:\/\/linitiative.ca\/International\/benin-vers-un-cordon-sanitaire-dans-dix-communes\/"},"modified":"2020-03-27T16:18:04","modified_gmt":"2020-03-27T20:18:04","slug":"benin-vers-un-cordon-sanitaire-dans-dix-communes","status":"publish","type":"post","link":"https:\/\/linitiative.ca\/International\/benin-vers-un-cordon-sanitaire-dans-dix-communes\/","title":{"rendered":"B\u00e9nin: vers un cordon sanitaire dans dix communes"},"content":{"rendered":"<div readability=\"32\">\n<p>Publi\u00e9 le 27.03.2020 \u00e0 21h18 par APA News<\/p>\n<\/div>\n<div readability=\"66\">\n<p>Le ministre b\u00e9ninois de l\u2019Int\u00e9rieur et de la S\u00e9curit\u00e9 publique, Sacca Lafia a annonc\u00e9, vendredi, un cordon sanitaire qui sera \u00e9tabli dans dix communes au sud du B\u00e9nin dans le cadre de la lutte contre le coronavirus.\u00ab Au nombre des dispositions qui entrent en vigueur \u00e0 compter du lundi 30 mars 2020 \u00e0 00 heure au dimanche 12 avril 2020 \u00e0 minuit, il y a l\u2019interdiction d\u2019entr\u00e9e et de sortie de l\u2019espace du cordon sanitaire sauf d\u00e9rogation des Pr\u00e9fets ; l\u2019interdiction de regroupement de plus de dix personnes en tous lieux \u00e0 l\u2019exception des espaces marchands, avec obligation de respecter une distance d\u2019un m\u00e8tre minimum entre personnes ; l\u2019interdiction de circulation des bus et minibus de transport en commun de personnes ; l\u2019interdiction aux taxis-motos de transporter plus d\u2019une personne \u00e0 la fois et la fermeture des bars, discoth\u00e8ques, et autres lieux de r\u00e9jouissance \u00bb, informe le ministre de l\u2019Int\u00e9rieur dans un \u00a0communiqu\u00e9.<\/p>\n<p>Il est aussi demander \u00ab de respecter une distance d\u2019un m\u00e8tre minimum entre usagers de restaurants et maquis ; de limiter le nombre de passagers \u00e0 bord des taxis et embarcations \u00e0 trois au maximum ; de prescrire aux usagers des espaces marchands (boutiques, magasins, supermarch\u00e9s, march\u00e9s ordinaires et autres) d\u2019observer la distance d\u2019au moins un m\u00e8tre entre personnes \u00bb.<\/p>\n<p>Par ailleurs, \u00ab la circulation des v\u00e9hicules de transport de marchandises \u00bb est autoris\u00e9e et il est fait \u00ab obligation pour les employeurs, sur les lieux de travail, d\u2019installer le dispositif de lavage des mains et de faire respecter la distance d\u2019un m\u00e8tre minimum entre personnes \u00bb. \u00a0 \u00a0 \u00a0 \u00a0<\/p>\n<p>En ce qui concerne les c\u00e9r\u00e9monies d\u2019inhumation, le ministre de l\u2019Int\u00e9rieur et de la S\u00e9curit\u00e9 publique demande qu\u2019elles aient lieu \u00ab dans la stricte intimit\u00e9 familiale et ne regroupent pas plus de dix personnes, lesquelles doivent respecter la distance d\u2019un m\u00e8tre minimum entre elles \u00bb.<\/p>\n<\/div>\n<p>Auteur: APA News<br \/>\n<a href=\"https:\/\/www.journalducameroun.com\/benin-vers-un-cordon-sanitaire-dans-dix-communes\/\">Cliquez ici pour lire l&rsquo;article depuis sa source.<\/a><\/p>\n","protected":false},"excerpt":{"rendered":"<p>Publi\u00e9 le 27.03.2020 \u00e0 21h18 par APA News Le ministre b\u00e9ninois de l\u2019Int\u00e9rieur et de la S\u00e9curit\u00e9 publique, Sacca Lafia a annonc\u00e9, vendredi, un cordon sanitaire qui sera \u00e9tabli dans dix communes au sud du B\u00e9nin dans le cadre de la lutte contre le coronavirus.\u00ab Au nombre des dispositions qui entrent en vigueur \u00e0 compter [&hellip;]<\/p>\n","protected":false},"author":1965,"featured_media":0,"comment_status":"closed","ping_status":"closed","sticky":false,"template":"","format":"standard","meta":{"fifu_image_url":"","fifu_image_alt":"","footnotes":""},"categories":[73,82],"tags":[],"class_list":["post-80418","post","type-post","status-publish","format-standard","hentry","category-actualite","category-cameroun"],"_links":{"self":[{"href":"https:\/\/linitiative.ca\/International\/wp-json\/wp\/v2\/posts\/80418","targetHints":{"allow":["GET"]}}],"collection":[{"href":"https:\/\/linitiative.ca\/International\/wp-json\/wp\/v2\/posts"}],"about":[{"href":"https:\/\/linitiative.ca\/International\/wp-json\/wp\/v2\/types\/post"}],"author":[{"embeddable":true,"href":"https:\/\/linitiative.ca\/International\/wp-json\/wp\/v2\/users\/1965"}],"replies":[{"embeddable":true,"href":"https:\/\/linitiative.ca\/International\/wp-json\/wp\/v2\/comments?post=80418"}],"version-history":[{"count":0,"href":"https:\/\/linitiative.ca\/International\/wp-json\/wp\/v2\/posts\/80418\/revisions"}],"wp:attachment":[{"href":"https:\/\/linitiative.ca\/International\/wp-json\/wp\/v2\/media?parent=80418"}],"wp:term":[{"taxonomy":"category","embeddable":true,"href":"https:\/\/linitiative.ca\/International\/wp-json\/wp\/v2\/categories?post=80418"},{"taxonomy":"post_tag","embeddable":true,"href":"https:\/\/linitiative.ca\/International\/wp-json\/wp\/v2\/tags?post=80418"}],"curies":[{"name":"wp","href":"https:\/\/api.w.org\/{rel}","templated":true}]}}