{"id":80420,"date":"2020-03-27T18:50:47","date_gmt":"2020-03-27T22:50:47","guid":{"rendered":"https:\/\/linitiative.ca\/International\/cameroun-covid-19-maurice-kamto-donne-7-jours-a-paul-biya-pour-sexprimer\/"},"modified":"2020-03-27T18:50:47","modified_gmt":"2020-03-27T22:50:47","slug":"cameroun-covid-19-maurice-kamto-donne-7-jours-a-paul-biya-pour-sexprimer","status":"publish","type":"post","link":"https:\/\/linitiative.ca\/International\/cameroun-covid-19-maurice-kamto-donne-7-jours-a-paul-biya-pour-sexprimer\/","title":{"rendered":"Cameroun-Covid-19 : Maurice Kamto donne 7 jours \u00e0 Paul Biya pour s\u2019exprimer"},"content":{"rendered":"<div readability=\"32\">\n<p>Publi\u00e9 le 27.03.2020 \u00e0 23h50 par Christian Djimadeu<\/p>\n<\/div>\n<div readability=\"32\">\n<h2>Le leader du Mouvement pour la renaissance du Cameroun (MRC), second\u00a0 \u00e0 la pr\u00e9sidentielle de 2018, \u00a0\u00a0est l\u2019auteur d\u2019une d\u00e9claration incendiaire \u00a0contre le pouvoir de Yaound\u00e9, en particulier son chef, publi\u00e9e le 27 mars 2020. Pour Maurice Kamto, le chef de l\u2019Etat ne donne pas l\u2019impression d\u2019\u00eatre inquiet de la sant\u00e9 des camerounais. \u00a0Il juge insignifiante les mesures gouvernementales prises, et annonce un plan de collecte des fonds dans le pays et l\u2019\u00e9tranger pour mettre les citoyens \u00e0 l\u2019abri du Coronavirus.<\/h2>\n<p class=\"c4\">Ci-dessous l\u2019int\u00e9gralit\u00e9 de la d\u00e9claration du pr\u00e9sident du MRC<\/p>\n<p><img loading=\"lazy\" decoding=\"async\" class=\"alignnone size-medium wp-image-361011\" src=\"https:\/\/www.journalducameroun.com\/wp-content\/uploads\/2020\/03\/IMG-20200327-WA0088-214x300.jpg\" alt=\"\" width=\"214\" height=\"300\" srcset=\"https:\/\/www.journalducameroun.com\/wp-content\/uploads\/2020\/03\/IMG-20200327-WA0088-214x300.jpg 214w, https:\/\/www.journalducameroun.com\/wp-content\/uploads\/2020\/03\/IMG-20200327-WA0088-314x440.jpg 314w, https:\/\/www.journalducameroun.com\/wp-content\/uploads\/2020\/03\/IMG-20200327-WA0088-600x842.jpg 600w, https:\/\/www.journalducameroun.com\/wp-content\/uploads\/2020\/03\/IMG-20200327-WA0088.jpg 684w\" sizes=\"auto, (max-width: 214px) 100vw, 214px\"\/><\/p>\n<p><img loading=\"lazy\" decoding=\"async\" class=\"alignnone size-medium wp-image-361013\" src=\"https:\/\/www.journalducameroun.com\/wp-content\/uploads\/2020\/03\/IMG-20200327-WA0089-219x300.jpg\" alt=\"\" width=\"219\" height=\"300\" srcset=\"https:\/\/www.journalducameroun.com\/wp-content\/uploads\/2020\/03\/IMG-20200327-WA0089-219x300.jpg 219w, https:\/\/www.journalducameroun.com\/wp-content\/uploads\/2020\/03\/IMG-20200327-WA0089-321x440.jpg 321w, https:\/\/www.journalducameroun.com\/wp-content\/uploads\/2020\/03\/IMG-20200327-WA0089-600x822.jpg 600w, https:\/\/www.journalducameroun.com\/wp-content\/uploads\/2020\/03\/IMG-20200327-WA0089.jpg 701w\" sizes=\"auto, (max-width: 219px) 100vw, 219px\"\/><\/p>\n<p><img loading=\"lazy\" decoding=\"async\" class=\"alignnone size-medium wp-image-361009\" src=\"https:\/\/www.journalducameroun.com\/wp-content\/uploads\/2020\/03\/IMG-20200327-WA0090-214x300.jpg\" alt=\"\" width=\"214\" height=\"300\" srcset=\"https:\/\/www.journalducameroun.com\/wp-content\/uploads\/2020\/03\/IMG-20200327-WA0090-214x300.jpg 214w, https:\/\/www.journalducameroun.com\/wp-content\/uploads\/2020\/03\/IMG-20200327-WA0090-314x440.jpg 314w, https:\/\/www.journalducameroun.com\/wp-content\/uploads\/2020\/03\/IMG-20200327-WA0090-600x842.jpg 600w, https:\/\/www.journalducameroun.com\/wp-content\/uploads\/2020\/03\/IMG-20200327-WA0090.jpg 684w\" sizes=\"auto, (max-width: 214px) 100vw, 214px\"\/><\/p>\n<\/div>\n<p>Auteur: Christian DJIMADEU<br \/>\n<a href=\"https:\/\/www.journalducameroun.com\/cameroun-covid-19-maurice-kamto-donne-7-jours-a-paul-biya-pour-sexprimer\/\">Cliquez ici pour lire l&rsquo;article depuis sa source.<\/a><\/p>\n","protected":false},"excerpt":{"rendered":"<p>Publi\u00e9 le 27.03.2020 \u00e0 23h50 par Christian Djimadeu Le leader du Mouvement pour la renaissance du Cameroun (MRC), second\u00a0 \u00e0 la pr\u00e9sidentielle de 2018, \u00a0\u00a0est l\u2019auteur d\u2019une d\u00e9claration incendiaire \u00a0contre le pouvoir de Yaound\u00e9, en particulier son chef, publi\u00e9e le 27 mars 2020. Pour Maurice Kamto, le chef de l\u2019Etat ne donne pas l\u2019impression d\u2019\u00eatre [&hellip;]<\/p>\n","protected":false},"author":1965,"featured_media":80421,"comment_status":"closed","ping_status":"closed","sticky":false,"template":"","format":"standard","meta":{"fifu_image_url":"","fifu_image_alt":"","footnotes":""},"categories":[73,82],"tags":[],"class_list":["post-80420","post","type-post","status-publish","format-standard","has-post-thumbnail","hentry","category-actualite","category-cameroun"],"_links":{"self":[{"href":"https:\/\/linitiative.ca\/International\/wp-json\/wp\/v2\/posts\/80420","targetHints":{"allow":["GET"]}}],"collection":[{"href":"https:\/\/linitiative.ca\/International\/wp-json\/wp\/v2\/posts"}],"about":[{"href":"https:\/\/linitiative.ca\/International\/wp-json\/wp\/v2\/types\/post"}],"author":[{"embeddable":true,"href":"https:\/\/linitiative.ca\/International\/wp-json\/wp\/v2\/users\/1965"}],"replies":[{"embeddable":true,"href":"https:\/\/linitiative.ca\/International\/wp-json\/wp\/v2\/comments?post=80420"}],"version-history":[{"count":0,"href":"https:\/\/linitiative.ca\/International\/wp-json\/wp\/v2\/posts\/80420\/revisions"}],"wp:featuredmedia":[{"embeddable":true,"href":"https:\/\/linitiative.ca\/International\/wp-json\/"}],"wp:attachment":[{"href":"https:\/\/linitiative.ca\/International\/wp-json\/wp\/v2\/media?parent=80420"}],"wp:term":[{"taxonomy":"category","embeddable":true,"href":"https:\/\/linitiative.ca\/International\/wp-json\/wp\/v2\/categories?post=80420"},{"taxonomy":"post_tag","embeddable":true,"href":"https:\/\/linitiative.ca\/International\/wp-json\/wp\/v2\/tags?post=80420"}],"curies":[{"name":"wp","href":"https:\/\/api.w.org\/{rel}","templated":true}]}}