{"id":80422,"date":"2020-03-28T08:05:24","date_gmt":"2020-03-28T12:05:24","guid":{"rendered":"https:\/\/linitiative.ca\/International\/les-bureaux-communaux-dhygiene-en-manque-de-moyens-face-au-covid-19\/"},"modified":"2020-03-28T08:05:24","modified_gmt":"2020-03-28T12:05:24","slug":"les-bureaux-communaux-dhygiene-en-manque-de-moyens-face-au-covid-19","status":"publish","type":"post","link":"https:\/\/linitiative.ca\/International\/les-bureaux-communaux-dhygiene-en-manque-de-moyens-face-au-covid-19\/","title":{"rendered":"Les bureaux communaux d\u2019hygi\u00e8ne en manque de moyens face au Covid-19"},"content":{"rendered":"<header>\n<\/header>\n<div class=\"entry-content clearfix\" readability=\"58\"><img decoding=\"async\" class=\"post_layout_5_img\" src=\"http:\/\/aujourdhui.ma\/wp-content\/uploads\/2019\/04\/ministere-de-l-Interieur.jpg?x29840\" alt=\"Les bureaux communaux d&#x2019;hygi&#xE8;ne en manque de moyens face au Covid-19\"\/><\/p>\n<p><span class=\"c4\"><strong>Le minist\u00e8re de l\u2019int\u00e9rieur ( Direction g\u00e9n\u00e9rale des collectivit\u00e9s locales) a envoy\u00e9 une circulaire aux Walis et Gouverneurs pour l\u2019approvisionnement d\u2019urgence des Bureaux Communaux d\u2019Hygi\u00e8ne (BCH) des moyens de protection individuelle et les produits de d\u00e9sinfection des lieux publics.<\/strong><\/span><span id=\"more-338843\"\/><\/p>\n<p>Cette mesure fait suite aux multiples requ\u00eates formul\u00e9es par les BCH concernant la difficult\u00e9 d\u2019approvisionnement en moyens de protection et de d\u00e9sinfection. De ce fait et pour permettre aux personnels des BCH d\u2019intervenir avec la s\u00e9curit\u00e9 et la rapidit\u00e9 appropri\u00e9e, les Walis et Gouverneurs sont appel\u00e9s conform\u00e9ment aux dispositions de la circulaire F\/1248 du 25 mars 2020 \u00e0 inciter les communes \u00e0 s\u2019approvisionner d\u2019urgence en mat\u00e9riels, \u00e9quipements, produits et fournitures n\u00e9cessaires \u00e0 la lutte contre la pand\u00e9mie et \u00e0 doter les BCH des \u00e9quipement n\u00e9cessaires contre la contamination ( combinaisons de haute protection pour les cas de d\u00e9c\u00e8s , les masques FFp2, les gants , les bottes, les lunettes de protection et les chaussons\u2026).<\/p>\n<p>Par ailleurs, les Walis et Gouverneurs sont appel\u00e9s \u00e0 inciter les pr\u00e9sidents des communes \u00e0 n\u2019acqu\u00e9rir et \u00e0 n\u2019utiliser dans les op\u00e9rations de d\u00e9sinfection que les produits homologu\u00e9s par le minist\u00e8re de la sant\u00e9. Ils sont aussi tenus de mobiliser au profit des op\u00e9rations de d\u00e9sinfection , les moyens mis \u00e0 disposition des comit\u00e9s pr\u00e9fectoraux et provinciaux de la gestion int\u00e9gr\u00e9e de lutte anti-vectorielle notamment les v\u00e9hicules \u00e9quip\u00e9s de canons pulv\u00e9risateurs , les atomiseurs , les pulv\u00e9risateurs manuels ou \u00e0 moteur.Rappelons que les BCH relevant des collectivit\u00e9s territoriales sont mobilis\u00e9s aux cot\u00e9s des structures sanitaires pour assurer la d\u00e9sinfection des lieux publics, le constat des d\u00e9c\u00e8s \u00e0 domicile, la gestion des d\u00e9pouilles dans les morgues communales et les autopsies.<\/p>\n<\/div>\n<p>Auteur: ALM<br \/>\n<a href=\"http:\/\/aujourdhui.ma\/actualite\/les-bureaux-communaux-dhygiene-en-manque-de-moyens-face-au-covid-19\">Cliquez ici pour lire l&rsquo;article depuis sa source.<\/a><\/p>\n","protected":false},"excerpt":{"rendered":"<p>Le minist\u00e8re de l\u2019int\u00e9rieur ( Direction g\u00e9n\u00e9rale des collectivit\u00e9s locales) a envoy\u00e9 une circulaire aux Walis et Gouverneurs pour l\u2019approvisionnement d\u2019urgence des Bureaux Communaux d\u2019Hygi\u00e8ne (BCH) des moyens de protection individuelle et les produits de d\u00e9sinfection des lieux publics. Cette mesure fait suite aux multiples requ\u00eates formul\u00e9es par les BCH concernant la difficult\u00e9 d\u2019approvisionnement en [&hellip;]<\/p>\n","protected":false},"author":1759,"featured_media":0,"comment_status":"closed","ping_status":"closed","sticky":false,"template":"","format":"standard","meta":{"fifu_image_url":"","fifu_image_alt":"","footnotes":""},"categories":[73,54],"tags":[],"class_list":["post-80422","post","type-post","status-publish","format-standard","hentry","category-actualite","category-maroc"],"_links":{"self":[{"href":"https:\/\/linitiative.ca\/International\/wp-json\/wp\/v2\/posts\/80422","targetHints":{"allow":["GET"]}}],"collection":[{"href":"https:\/\/linitiative.ca\/International\/wp-json\/wp\/v2\/posts"}],"about":[{"href":"https:\/\/linitiative.ca\/International\/wp-json\/wp\/v2\/types\/post"}],"author":[{"embeddable":true,"href":"https:\/\/linitiative.ca\/International\/wp-json\/wp\/v2\/users\/1759"}],"replies":[{"embeddable":true,"href":"https:\/\/linitiative.ca\/International\/wp-json\/wp\/v2\/comments?post=80422"}],"version-history":[{"count":0,"href":"https:\/\/linitiative.ca\/International\/wp-json\/wp\/v2\/posts\/80422\/revisions"}],"wp:attachment":[{"href":"https:\/\/linitiative.ca\/International\/wp-json\/wp\/v2\/media?parent=80422"}],"wp:term":[{"taxonomy":"category","embeddable":true,"href":"https:\/\/linitiative.ca\/International\/wp-json\/wp\/v2\/categories?post=80422"},{"taxonomy":"post_tag","embeddable":true,"href":"https:\/\/linitiative.ca\/International\/wp-json\/wp\/v2\/tags?post=80422"}],"curies":[{"name":"wp","href":"https:\/\/api.w.org\/{rel}","templated":true}]}}