{"id":80426,"date":"2020-03-28T11:29:17","date_gmt":"2020-03-28T15:29:17","guid":{"rendered":"https:\/\/linitiative.ca\/International\/psa-se-mobilise-contre-le-coronavirus\/"},"modified":"2020-03-28T11:29:17","modified_gmt":"2020-03-28T15:29:17","slug":"psa-se-mobilise-contre-le-coronavirus","status":"publish","type":"post","link":"https:\/\/linitiative.ca\/International\/psa-se-mobilise-contre-le-coronavirus\/","title":{"rendered":"PSA se mobilise contre le Coronavirus"},"content":{"rendered":"<header>\n<\/header>\n<div class=\"entry-content clearfix\" readability=\"55\"><img decoding=\"async\" class=\"post_layout_5_img\" src=\"http:\/\/aujourdhui.ma\/wp-content\/uploads\/2020\/03\/Le-Groupe-PSA-se-mobilise-au-Maroc-coronavirus.jpg?x29840\" alt=\"PSA se mobilise contre le Coronavirus\"\/><\/p>\n<p><span class=\"c4\"><strong>Le Groupe PSA sonne la mobilisation contre la pand\u00e9mie du COVID-19. Dans ce sens, le groupe avait pris la d\u00e9cision proactive le 17 mars de placer l\u2019ensemble des salari\u00e9s qui peuvent l\u2019\u00eatre en t\u00e9l\u00e9travail et de suspendre son activit\u00e9 de production dans l\u2019usine de K\u00e9nitra \u00e0 partir du 19 mars pour deux semaines, tout en pr\u00e9servant la r\u00e9mun\u00e9ration des salari\u00e9s.<\/strong><\/span><\/p>\n<p><span id=\"more-338877\"\/><br \/>Le Groupe continue \u00e0 prendre en temps r\u00e9el toutes les d\u00e9cisions n\u00e9cessaires \u00e0 la protection de ses collaborateurs et a d\u00e9fini un protocole de pr\u00e9vention renforc\u00e9 pour ses \u00e9quipes et celles de ses partenaires qui continuent \u00e0 exercer leurs fonctions.<br \/>Dans cette m\u00eame d\u00e9marche pr\u00e9ventive, le Groupe PSA a pris la d\u00e9cision de souscrire au profit de tous ses collaborateurs au Maroc \u00e0 un contrat d\u2019assistance m\u00e9dicale disponible 24h\/7jr qui les couvre ainsi que leurs familles.<\/p>\n<p>Par ailleurs, le Groupe PSA prot\u00e8ge \u00e9galement ses partenaires commerciaux et son \u00e9cosyst\u00e8me au Maroc \u00e0 travers le partage des meilleures pratiques de protection des salari\u00e9s et par la mise en \u0153uvre des m\u00e9canismes financiers de gestion de crise.<\/p>\n<p>Enfin, et dans le cadre de la lutte contre le COVID-19 et ses cons\u00e9quences \u00e9conomiques et sociales, le Groupe PSA se joint \u00e0 l\u2019effort national impuls\u00e9 par Sa Majest\u00e9 le Roi Mohamed VI par le don de 200 000 masques et de 50 Peugeot 208 produites au Maroc afin de soutenir les \u00e9quipes m\u00e9dicales et les forces auxiliaires sur le terrain dans leur lutte contre la pand\u00e9mie.<\/p>\n<\/div>\n<p>Auteur: ALM<br \/>\n<a href=\"http:\/\/aujourdhui.ma\/automobile\/psa-se-mobilise-contre-le-coronavirus\">Cliquez ici pour lire l&rsquo;article depuis sa source.<\/a><\/p>\n","protected":false},"excerpt":{"rendered":"<p>Le Groupe PSA sonne la mobilisation contre la pand\u00e9mie du COVID-19. Dans ce sens, le groupe avait pris la d\u00e9cision proactive le 17 mars de placer l\u2019ensemble des salari\u00e9s qui peuvent l\u2019\u00eatre en t\u00e9l\u00e9travail et de suspendre son activit\u00e9 de production dans l\u2019usine de K\u00e9nitra \u00e0 partir du 19 mars pour deux semaines, tout en [&hellip;]<\/p>\n","protected":false},"author":1759,"featured_media":0,"comment_status":"closed","ping_status":"closed","sticky":false,"template":"","format":"standard","meta":{"fifu_image_url":"","fifu_image_alt":"","footnotes":""},"categories":[73,54],"tags":[],"class_list":["post-80426","post","type-post","status-publish","format-standard","hentry","category-actualite","category-maroc"],"_links":{"self":[{"href":"https:\/\/linitiative.ca\/International\/wp-json\/wp\/v2\/posts\/80426","targetHints":{"allow":["GET"]}}],"collection":[{"href":"https:\/\/linitiative.ca\/International\/wp-json\/wp\/v2\/posts"}],"about":[{"href":"https:\/\/linitiative.ca\/International\/wp-json\/wp\/v2\/types\/post"}],"author":[{"embeddable":true,"href":"https:\/\/linitiative.ca\/International\/wp-json\/wp\/v2\/users\/1759"}],"replies":[{"embeddable":true,"href":"https:\/\/linitiative.ca\/International\/wp-json\/wp\/v2\/comments?post=80426"}],"version-history":[{"count":0,"href":"https:\/\/linitiative.ca\/International\/wp-json\/wp\/v2\/posts\/80426\/revisions"}],"wp:attachment":[{"href":"https:\/\/linitiative.ca\/International\/wp-json\/wp\/v2\/media?parent=80426"}],"wp:term":[{"taxonomy":"category","embeddable":true,"href":"https:\/\/linitiative.ca\/International\/wp-json\/wp\/v2\/categories?post=80426"},{"taxonomy":"post_tag","embeddable":true,"href":"https:\/\/linitiative.ca\/International\/wp-json\/wp\/v2\/tags?post=80426"}],"curies":[{"name":"wp","href":"https:\/\/api.w.org\/{rel}","templated":true}]}}