{"id":80434,"date":"2020-03-28T12:17:00","date_gmt":"2020-03-28T16:17:00","guid":{"rendered":"https:\/\/linitiative.ca\/International\/45-nouveaux-cas-confirmes-dont-03-deces-en-algerie\/"},"modified":"2020-03-28T12:17:00","modified_gmt":"2020-03-28T16:17:00","slug":"45-nouveaux-cas-confirmes-dont-03-deces-en-algerie","status":"publish","type":"post","link":"https:\/\/linitiative.ca\/International\/45-nouveaux-cas-confirmes-dont-03-deces-en-algerie\/","title":{"rendered":"45 nouveaux cas confirm\u00e9s, dont 03 d\u00e9c\u00e8s en Alg\u00e9rie"},"content":{"rendered":"<div id=\"originalText\" readability=\"46\">\n<p>Quarante cinq\u00a0nouveaux cas de\u00a0contaminations au Coronavirus, dont trois\u00a0d\u00e9c\u00e8s, ont \u00e9t\u00e9 enregistr\u00e9s durant les derni\u00e8res 24 heures en Alg\u00e9rie, portant le total des cas\u00a0confirm\u00e9s \u00e0 454 et les d\u00e9c\u00e8s \u00e0 (29), a r\u00e9v\u00e9l\u00e9 le porte-parole du Comit\u00e9\u00a0scientifique de suivi de l&rsquo;\u00e9volution de la pand\u00e9mie du Coronavirus, le\u00a0\u00a0Professeur Djamel Fourar.\u00a0<br \/>Le premier cas de d\u00e9c\u00e8s concerne un homme de 65 ans enregistr\u00e9 dans la\u00a0\u00a0wilaya d&rsquo;Alger et qui \u00e9tait de retour de la Omra a pr\u00e9cis\u00e9 le Pr Fourar,\u00a0lors du point de presse quotidien consacr\u00e9 \u00e0 l&rsquo;\u00e9volution du Covid-19\u00a0 dans\u00a0\u00a0le pays.\u00a0\u00a0<br \/>Le deuxi\u00e8me cas a \u00e9t\u00e9 enregistr\u00e9 dans la wilaya de M\u00e9d\u00e9a. Il s&rsquo;agit de\u00a0l&rsquo;oncle (84 ans) de la premi\u00e8re victime enregistr\u00e9e dans cette wilaya.\u00a0<br \/>Pour ce qui de la troisi\u00e8me victime, il s&rsquo;agit d&rsquo;un jeune de 45 ans de\u00a0retour d&rsquo;un voyage en Espagne.\u00a0<br \/>Par ailleurs, deux (02) nouvelles personnes contamin\u00e9es ont pu quitter l&rsquo;h\u00f4pital, apr\u00e8s leur r\u00e9tablissement, portant ainsi \u00e0 31 le nombre des\u00a0\u00a0sujets gu\u00e9ris, a ajout\u00e9 le Pr Fourar.<\/p>\n<p class=\"c6\"><strong>APS<\/strong><\/p>\n<\/div>\n<div id=\"text_core\" readability=\"46\">\n<p>Quarante cinq\u00a0nouveaux cas de\u00a0contaminations au Coronavirus, dont trois\u00a0d\u00e9c\u00e8s, ont \u00e9t\u00e9 enregistr\u00e9s durant les derni\u00e8res 24 heures en Alg\u00e9rie, portant le total des cas\u00a0confirm\u00e9s \u00e0 454 et les d\u00e9c\u00e8s \u00e0 (29), a r\u00e9v\u00e9l\u00e9 le porte-parole du Comit\u00e9\u00a0scientifique de suivi de l&rsquo;\u00e9volution de la pand\u00e9mie du Coronavirus, le\u00a0\u00a0Professeur Djamel Fourar.\u00a0<br \/>Le premier cas de d\u00e9c\u00e8s concerne un homme de 65 ans enregistr\u00e9 dans la\u00a0\u00a0wilaya d&rsquo;Alger et qui \u00e9tait de retour de la Omra a pr\u00e9cis\u00e9 le Pr Fourar,\u00a0lors du point de presse quotidien consacr\u00e9 \u00e0 l&rsquo;\u00e9volution du Covid-19\u00a0 dans\u00a0\u00a0le pays.\u00a0\u00a0<br \/>Le deuxi\u00e8me cas a \u00e9t\u00e9 enregistr\u00e9 dans la wilaya de M\u00e9d\u00e9a. Il s&rsquo;agit de\u00a0l&rsquo;oncle (84 ans) de la premi\u00e8re victime enregistr\u00e9e dans cette wilaya.\u00a0<br \/>Pour ce qui de la troisi\u00e8me victime, il s&rsquo;agit d&rsquo;un jeune de 45 ans de\u00a0retour d&rsquo;un voyage en Espagne.\u00a0<br \/>Par ailleurs, deux (02) nouvelles personnes contamin\u00e9es ont pu quitter l&rsquo;h\u00f4pital, apr\u00e8s leur r\u00e9tablissement, portant ainsi \u00e0 31 le nombre des\u00a0\u00a0sujets gu\u00e9ris, a ajout\u00e9 le Pr Fourar.<\/p>\n<p class=\"c6\"><strong>APS<\/strong><\/p>\n<\/div>\n<p>Auteur:<br \/>\n<a href=\"https:\/\/www.liberte-algerie.com\/actualite\/45-nouveaux-cas-confirmes-dont-03-deces-en-algerie-336744\">Cliquez ici pour lire l&rsquo;article depuis sa source.<\/a><\/p>\n","protected":false},"excerpt":{"rendered":"<p>Quarante cinq\u00a0nouveaux cas de\u00a0contaminations au Coronavirus, dont trois\u00a0d\u00e9c\u00e8s, ont \u00e9t\u00e9 enregistr\u00e9s durant les derni\u00e8res 24 heures en Alg\u00e9rie, portant le total des cas\u00a0confirm\u00e9s \u00e0 454 et les d\u00e9c\u00e8s \u00e0 (29), a r\u00e9v\u00e9l\u00e9 le porte-parole du Comit\u00e9\u00a0scientifique de suivi de l&rsquo;\u00e9volution de la pand\u00e9mie du Coronavirus, le\u00a0\u00a0Professeur Djamel Fourar.\u00a0Le premier cas de d\u00e9c\u00e8s concerne un homme [&hellip;]<\/p>\n","protected":false},"author":1742,"featured_media":0,"comment_status":"closed","ping_status":"closed","sticky":false,"template":"","format":"standard","meta":{"fifu_image_url":"","fifu_image_alt":"","footnotes":""},"categories":[73,53],"tags":[],"class_list":["post-80434","post","type-post","status-publish","format-standard","hentry","category-actualite","category-algerie"],"_links":{"self":[{"href":"https:\/\/linitiative.ca\/International\/wp-json\/wp\/v2\/posts\/80434","targetHints":{"allow":["GET"]}}],"collection":[{"href":"https:\/\/linitiative.ca\/International\/wp-json\/wp\/v2\/posts"}],"about":[{"href":"https:\/\/linitiative.ca\/International\/wp-json\/wp\/v2\/types\/post"}],"author":[{"embeddable":true,"href":"https:\/\/linitiative.ca\/International\/wp-json\/wp\/v2\/users\/1742"}],"replies":[{"embeddable":true,"href":"https:\/\/linitiative.ca\/International\/wp-json\/wp\/v2\/comments?post=80434"}],"version-history":[{"count":0,"href":"https:\/\/linitiative.ca\/International\/wp-json\/wp\/v2\/posts\/80434\/revisions"}],"wp:attachment":[{"href":"https:\/\/linitiative.ca\/International\/wp-json\/wp\/v2\/media?parent=80434"}],"wp:term":[{"taxonomy":"category","embeddable":true,"href":"https:\/\/linitiative.ca\/International\/wp-json\/wp\/v2\/categories?post=80434"},{"taxonomy":"post_tag","embeddable":true,"href":"https:\/\/linitiative.ca\/International\/wp-json\/wp\/v2\/tags?post=80434"}],"curies":[{"name":"wp","href":"https:\/\/api.w.org\/{rel}","templated":true}]}}