{"id":80437,"date":"2020-03-27T19:32:00","date_gmt":"2020-03-27T23:32:00","guid":{"rendered":"https:\/\/linitiative.ca\/International\/1700-infractions-commerciales-enregistrees\/"},"modified":"2020-03-27T19:32:00","modified_gmt":"2020-03-27T23:32:00","slug":"1700-infractions-commerciales-enregistrees","status":"publish","type":"post","link":"https:\/\/linitiative.ca\/International\/1700-infractions-commerciales-enregistrees\/","title":{"rendered":"1700 infractions commerciales enregistr\u00e9es"},"content":{"rendered":"<p>Le minist\u00e8re du Commerce a effectu\u00e9 pr\u00e8s de 15 mille op\u00e9rations de contr\u00f4le depuis le 1er mars jusqu&rsquo;\u00e0 ce jour, lesquelles (op\u00e9rations) ont fait ressortir 1700 infractions, a indiqu\u00e9 le ministre Mohamed Msilini, rassurant les citoyens que les produits de base sont disponibles sur le march\u00e9.<\/p>\n<p>Intervenant jeudi, lors d&rsquo;une pl\u00e9ni\u00e8re tenue \u00e0 l&rsquo;Assembl\u00e9e des repr\u00e9sentants du peuple (ARP), le ministre a pr\u00e9cis\u00e9 que ces op\u00e9rations ont permis de saisir 230 tonnes de produits alimentaires et 10 mille litres de lait qui sont commercialis\u00e9s ans les circuits ill\u00e9gaux. Et d&rsquo;ajouter que 42 autorisations d\u2018approvisionnement aupr\u00e8s des grossistes ont \u00e9t\u00e9 retir\u00e9es, faisant savoir que le contr\u00f4le sera renforc\u00e9 pour lutter contre les pratiques de monopole.<\/p>\n<p>Concernant l&rsquo;approvisionnement au gouvernorat de Djerba, le ministre a pr\u00e9cis\u00e9 que tous les produits alimentaires sont fournis, except\u00e9 la farine et la semoule.<\/p>\n<p>Il a appel\u00e9 les citoyens \u00e0 rationaliser leur consommation en farine et semoule, relevant que le gouvernement a d\u00e9cid\u00e9 de distribuer ces produits (farine et semoule) aux commer\u00e7ants de gros, durant la nuit, sous le contr\u00f4le de l&rsquo;arm\u00e9e et de la s\u00e9curit\u00e9 nationale.<\/p>\n<p>Le gouvernement a ferm\u00e9 juste les grands espaces commerciaux situ\u00e9es hors zones urbaines et a maintenu le travail des march\u00e9s de gros, mais pour seulement trois jours par semaine, rappelant dans ce cadre que le march\u00e9 de gros de Bir El Kass\u00e2a accueille pr\u00e8s de 30 mille personnes.<\/p>\n<p>Msilini a indiqu\u00e9 que son d\u00e9partement \u00ab\u00a0assure le contr\u00f4le des prix quotidiennement, et la coordination avec les professionnels pour fournir les produits, tout en \u0153uvrant avec les autorit\u00e9s r\u00e9gionales pour assurer la commercialisation des produits de base ( farine et semoule ) aux r\u00e9gions rurales apr\u00e8s avoir d\u00e9pass\u00e9 les probl\u00e8mes logistiques. \u00ab\u00a0<\/p>\n<p>Msilini a rappel\u00e9 que le volume de consommation de bl\u00e9 dur est pass\u00e9 de 1 million \u00e0 1 million 100 mille quintaux. Idem pour la consommation du bl\u00e9 tendre, qui est pass\u00e9e de 1 million \u00e0 1 million 50 mille quintaux.<\/p>\n<p>Et de poursuivre que pr\u00e8s de 180 mille quintaux de bl\u00e9 dur devront \u00eatre distribu\u00e9s aux minoteries (30 minoteries) et 90 mille quintaux de bl\u00e9 tendre, sachant que l&rsquo;Office du bl\u00e9 n a pas cess\u00e9 d&rsquo;approvisionner les minoteries.<\/p>\n<p>Le ministre a relev\u00e9 que la Tunisie a lanc\u00e9 sur le march\u00e9 des demandes d&rsquo;achat de c\u00e9r\u00e9ales en d\u00e9pit d&rsquo;une hausse des prix de 20 dollars sur le march\u00e9 international, suite \u00e0 la baisse de la main d\u2018\u0153uvre, rassurant que la production de volailles et des \u0153ufs suffisent pour une longue p\u00e9riode.<\/p>\n<p>Le minist\u00e8re injecte quotidiennement pr\u00e8s de 929 mille kg de p\u00e2te alimentaire et 1640 tonnes en semoule sur le march\u00e9<\/p>\n<p>Le ministre a rappel\u00e9 que gouvernement compte sur la soci\u00e9t\u00e9 civile pour informer sur les d\u00e9passements et le minist\u00e8re va intervenir pour lutter contre les sp\u00e9culateurs qui seront sanctionn\u00e9s par la loi.<\/p>\n<p>Auteur: letemps1<br \/>\n<a href=\"http:\/\/www.letemps.com.tn\/article\/112227\/1700-infractions-commerciales-enregistr%C3%A9es\">Cliquez ici pour lire l&rsquo;article depuis sa source.<\/a><\/p>\n","protected":false},"excerpt":{"rendered":"<p>Le minist\u00e8re du Commerce a effectu\u00e9 pr\u00e8s de 15 mille op\u00e9rations de contr\u00f4le depuis le 1er mars jusqu&rsquo;\u00e0 ce jour, lesquelles (op\u00e9rations) ont fait ressortir 1700 infractions, a indiqu\u00e9 le ministre Mohamed Msilini, rassurant les citoyens que les produits de base sont disponibles sur le march\u00e9. Intervenant jeudi, lors d&rsquo;une pl\u00e9ni\u00e8re tenue \u00e0 l&rsquo;Assembl\u00e9e des [&hellip;]<\/p>\n","protected":false},"author":1773,"featured_media":0,"comment_status":"closed","ping_status":"closed","sticky":false,"template":"","format":"standard","meta":{"fifu_image_url":"","fifu_image_alt":"","footnotes":""},"categories":[73,55],"tags":[],"class_list":["post-80437","post","type-post","status-publish","format-standard","hentry","category-actualite","category-tunisie"],"_links":{"self":[{"href":"https:\/\/linitiative.ca\/International\/wp-json\/wp\/v2\/posts\/80437","targetHints":{"allow":["GET"]}}],"collection":[{"href":"https:\/\/linitiative.ca\/International\/wp-json\/wp\/v2\/posts"}],"about":[{"href":"https:\/\/linitiative.ca\/International\/wp-json\/wp\/v2\/types\/post"}],"author":[{"embeddable":true,"href":"https:\/\/linitiative.ca\/International\/wp-json\/wp\/v2\/users\/1773"}],"replies":[{"embeddable":true,"href":"https:\/\/linitiative.ca\/International\/wp-json\/wp\/v2\/comments?post=80437"}],"version-history":[{"count":0,"href":"https:\/\/linitiative.ca\/International\/wp-json\/wp\/v2\/posts\/80437\/revisions"}],"wp:attachment":[{"href":"https:\/\/linitiative.ca\/International\/wp-json\/wp\/v2\/media?parent=80437"}],"wp:term":[{"taxonomy":"category","embeddable":true,"href":"https:\/\/linitiative.ca\/International\/wp-json\/wp\/v2\/categories?post=80437"},{"taxonomy":"post_tag","embeddable":true,"href":"https:\/\/linitiative.ca\/International\/wp-json\/wp\/v2\/tags?post=80437"}],"curies":[{"name":"wp","href":"https:\/\/api.w.org\/{rel}","templated":true}]}}