{"id":80438,"date":"2020-03-27T19:32:00","date_gmt":"2020-03-27T23:32:00","guid":{"rendered":"https:\/\/linitiative.ca\/International\/272-infractions-signalees-a-linlucc\/"},"modified":"2020-03-27T19:32:00","modified_gmt":"2020-03-27T23:32:00","slug":"272-infractions-signalees-a-linlucc","status":"publish","type":"post","link":"https:\/\/linitiative.ca\/International\/272-infractions-signalees-a-linlucc\/","title":{"rendered":"272 infractions signal\u00e9es \u00e0 l\u2019INLUCC"},"content":{"rendered":"<p>Pr\u00e9s de 272 r\u00e9clamations relatives \u00e0 des d\u00e9passements dont la majorit\u00e9 est li\u00e9e aux pratiques du monopole et de sp\u00e9culation et \u00e0 la hausse des prix, ont \u00e9t\u00e9 re\u00e7ues, le 26 mars 2020, par l&rsquo;Instance nationale de lutte contre la corruption (INLUCC).<\/p>\n<p>L&rsquo;INLUCC, qui re\u00e7oit les r\u00e9clamations des citoyens sur le num\u00e9ro gratuit 80102222, ainsi que dans ses bureaux centraux et r\u00e9gionaux, a indiqu\u00e9 que les autorit\u00e9s publiques ont r\u00e9pondu favorablement \u00e0 l&rsquo;instar du gouverneur de Nabeul qui a ferm\u00e9 2 caf\u00e9s en raison du non-respect des r\u00e8gles de confinement.<\/p>\n<p>L&rsquo;instance a pr\u00e9cis\u00e9, dans un communiqu\u00e9 publi\u00e9 jeudi, qu&rsquo;elle continue de coordonner avec la direction g\u00e9n\u00e9rale des op\u00e9rations au minist\u00e8re de l&rsquo;Int\u00e9rieur et les gouverneurs pour assurer les interventions urgentes qui doivent \u00eatre entreprises en cas de besoin.<\/p>\n<p>La liste des r\u00e9clamations soumises comporte, par exemple, le non-respect de 8 citoyens venant de l&rsquo;\u00eele de Djerba et habitant dans la d\u00e9l\u00e9gation \u00a0\u00bb Mashreq Shams \u00a0\u00bb (d\u00e9l\u00e9gation de Sbe\u00eftla) et la pratique de monopole des denr\u00e9es subventionn\u00e9es par le propri\u00e9taire d&rsquo;un magasin d&rsquo;alimentation (Sousse).<\/p>\n<p>Le propri\u00e9taire d&rsquo;une boulangerie (gouvernorat d&rsquo;Ariana) a augment\u00e9 le prix du pain et le sous-d\u00e9l\u00e9gu\u00e9 (omda) de l&rsquo;une des r\u00e9gions affili\u00e9es \u00e0 la d\u00e9l\u00e9gation d&rsquo;El Jem a extorqu\u00e9 les habitants qui souhaitaient obtenir les subventions sociales annonc\u00e9es par le gouvernement, selon les donn\u00e9es de l&rsquo;INLUCC.<\/p>\n<p>Auteur: letemps1<br \/>\n<a href=\"http:\/\/www.letemps.com.tn\/article\/112228\/272-infractions-signal%C3%A9es-%C3%A0-l%E2%80%99inlucc\">Cliquez ici pour lire l&rsquo;article depuis sa source.<\/a><\/p>\n","protected":false},"excerpt":{"rendered":"<p>Pr\u00e9s de 272 r\u00e9clamations relatives \u00e0 des d\u00e9passements dont la majorit\u00e9 est li\u00e9e aux pratiques du monopole et de sp\u00e9culation et \u00e0 la hausse des prix, ont \u00e9t\u00e9 re\u00e7ues, le 26 mars 2020, par l&rsquo;Instance nationale de lutte contre la corruption (INLUCC). L&rsquo;INLUCC, qui re\u00e7oit les r\u00e9clamations des citoyens sur le num\u00e9ro gratuit 80102222, ainsi [&hellip;]<\/p>\n","protected":false},"author":1773,"featured_media":0,"comment_status":"closed","ping_status":"closed","sticky":false,"template":"","format":"standard","meta":{"fifu_image_url":"","fifu_image_alt":"","footnotes":""},"categories":[73,55],"tags":[],"class_list":["post-80438","post","type-post","status-publish","format-standard","hentry","category-actualite","category-tunisie"],"_links":{"self":[{"href":"https:\/\/linitiative.ca\/International\/wp-json\/wp\/v2\/posts\/80438","targetHints":{"allow":["GET"]}}],"collection":[{"href":"https:\/\/linitiative.ca\/International\/wp-json\/wp\/v2\/posts"}],"about":[{"href":"https:\/\/linitiative.ca\/International\/wp-json\/wp\/v2\/types\/post"}],"author":[{"embeddable":true,"href":"https:\/\/linitiative.ca\/International\/wp-json\/wp\/v2\/users\/1773"}],"replies":[{"embeddable":true,"href":"https:\/\/linitiative.ca\/International\/wp-json\/wp\/v2\/comments?post=80438"}],"version-history":[{"count":0,"href":"https:\/\/linitiative.ca\/International\/wp-json\/wp\/v2\/posts\/80438\/revisions"}],"wp:attachment":[{"href":"https:\/\/linitiative.ca\/International\/wp-json\/wp\/v2\/media?parent=80438"}],"wp:term":[{"taxonomy":"category","embeddable":true,"href":"https:\/\/linitiative.ca\/International\/wp-json\/wp\/v2\/categories?post=80438"},{"taxonomy":"post_tag","embeddable":true,"href":"https:\/\/linitiative.ca\/International\/wp-json\/wp\/v2\/tags?post=80438"}],"curies":[{"name":"wp","href":"https:\/\/api.w.org\/{rel}","templated":true}]}}