{"id":80439,"date":"2020-03-27T19:32:00","date_gmt":"2020-03-27T23:32:00","guid":{"rendered":"https:\/\/linitiative.ca\/International\/la-recuperation-apres-la-levee-du-couvre-feu-et-du-confinement\/"},"modified":"2020-03-27T19:32:00","modified_gmt":"2020-03-27T23:32:00","slug":"la-recuperation-apres-la-levee-du-couvre-feu-et-du-confinement","status":"publish","type":"post","link":"https:\/\/linitiative.ca\/International\/la-recuperation-apres-la-levee-du-couvre-feu-et-du-confinement\/","title":{"rendered":"La r\u00e9cup\u00e9ration apr\u00e8s la lev\u00e9e du couvre-feu et du confinement"},"content":{"rendered":"<p><strong><em>LE TEMPS &#8211;<\/em><\/strong> Maintenant, le temps n\u2019est pas \u00e0 la plaisanterie, puisqu\u2019il y va de la vie des citoyens, et le minist\u00e8re de l\u2019Int\u00e9rieur n\u2019y va pas de mainmorte pour faire respecter les consignes, surtout au niveau des voitures qui circulent sans autorisation.<\/p>\n<p>Le porte-parole de la direction g\u00e9n\u00e9rale de la s\u00fbret\u00e9 nationale (DGSN), Walid Hakima a indiqu\u00e9 que les v\u00e9hicules confisqu\u00e9s, \u00e0 partir d\u2019hier, ne seront livr\u00e9s, \u00e0 leurs propri\u00e9taires, qu&rsquo;apr\u00e8s la lev\u00e9e du couvre-feu et du confinement total.<\/p>\n<p>Il a pr\u00e9cis\u00e9 que le d\u00e9partement de l&rsquo;Int\u00e9rieur et la DGSN ont d\u00e9cid\u00e9 d&rsquo;adopter cette mesure apr\u00e8s avoir conclu que le retrait des permis de conduire et des cartes grises n&rsquo;est pas suffisant pour persuader les citoyens \u00e0 l&rsquo;importance de se conformer aux dispositions du confinement total.<\/p>\n<p>Le porte-parole de la DGSN a r\u00e9affirm\u00e9 que le minist\u00e8re de l&rsquo;Int\u00e9rieur est d\u00e9termin\u00e9 \u00e0 appliquer la loi, pour faire respecter ces dispositions, soulignant que 616 personnes ayant enfreint les dispositions du couvre-feu ont \u00e9t\u00e9 plac\u00e9es en garde \u00e0 vue et que 12 v\u00e9hicules ont \u00e9t\u00e9 saisis.<\/p>\n<p>S&rsquo;agissant des contrevenants au confinement total, Hakima a r\u00e9v\u00e9l\u00e9 que 107 personnes ont \u00e9t\u00e9 plac\u00e9es en garde \u00e0 vue et que 65 autres assign\u00e9es \u00e0 domicile, faisant \u00e9tat de la confiscation de 6748 permis de conduire et 7083 cartes grises.<\/p>\n<p>Ainsi, les contrevenants savent \u00e0 quoi s\u2019en tenir, puisqu\u2019ils n\u2019auront pas la possibilit\u00e9 d\u2019utiliser leurs moyens de transport, m\u00eame dans les cas d\u2019urgence qu\u2019ils risquent d\u2019avoir. Et, tout cela, parce qu\u2019ils n\u2019ont pas cru \u00e0 la n\u00e9cessit\u00e9 du confinement qui n\u2019est que la seule voie du salut pour le pays et qu\u2019ils veulent, simplement, satisfaire leurs lubies et montrer qu\u2019ils ne craignent pas de braver les consignes.<\/p>\n<p>Auteur: letemps1<br \/>\n<a href=\"http:\/\/www.letemps.com.tn\/article\/112229\/la-r%C3%A9cup%C3%A9ration-apr%C3%A8s-la-lev%C3%A9e-du-couvre-feu-et-du-confinement\">Cliquez ici pour lire l&rsquo;article depuis sa source.<\/a><\/p>\n","protected":false},"excerpt":{"rendered":"<p>LE TEMPS &#8211; Maintenant, le temps n\u2019est pas \u00e0 la plaisanterie, puisqu\u2019il y va de la vie des citoyens, et le minist\u00e8re de l\u2019Int\u00e9rieur n\u2019y va pas de mainmorte pour faire respecter les consignes, surtout au niveau des voitures qui circulent sans autorisation. Le porte-parole de la direction g\u00e9n\u00e9rale de la s\u00fbret\u00e9 nationale (DGSN), Walid [&hellip;]<\/p>\n","protected":false},"author":1773,"featured_media":0,"comment_status":"closed","ping_status":"closed","sticky":false,"template":"","format":"standard","meta":{"fifu_image_url":"","fifu_image_alt":"","footnotes":""},"categories":[73,55],"tags":[],"class_list":["post-80439","post","type-post","status-publish","format-standard","hentry","category-actualite","category-tunisie"],"_links":{"self":[{"href":"https:\/\/linitiative.ca\/International\/wp-json\/wp\/v2\/posts\/80439","targetHints":{"allow":["GET"]}}],"collection":[{"href":"https:\/\/linitiative.ca\/International\/wp-json\/wp\/v2\/posts"}],"about":[{"href":"https:\/\/linitiative.ca\/International\/wp-json\/wp\/v2\/types\/post"}],"author":[{"embeddable":true,"href":"https:\/\/linitiative.ca\/International\/wp-json\/wp\/v2\/users\/1773"}],"replies":[{"embeddable":true,"href":"https:\/\/linitiative.ca\/International\/wp-json\/wp\/v2\/comments?post=80439"}],"version-history":[{"count":0,"href":"https:\/\/linitiative.ca\/International\/wp-json\/wp\/v2\/posts\/80439\/revisions"}],"wp:attachment":[{"href":"https:\/\/linitiative.ca\/International\/wp-json\/wp\/v2\/media?parent=80439"}],"wp:term":[{"taxonomy":"category","embeddable":true,"href":"https:\/\/linitiative.ca\/International\/wp-json\/wp\/v2\/categories?post=80439"},{"taxonomy":"post_tag","embeddable":true,"href":"https:\/\/linitiative.ca\/International\/wp-json\/wp\/v2\/tags?post=80439"}],"curies":[{"name":"wp","href":"https:\/\/api.w.org\/{rel}","templated":true}]}}