{"id":80440,"date":"2020-03-27T19:32:00","date_gmt":"2020-03-27T23:32:00","guid":{"rendered":"https:\/\/linitiative.ca\/International\/vigilance-sur-les-frontieres\/"},"modified":"2020-03-27T19:32:00","modified_gmt":"2020-03-27T23:32:00","slug":"vigilance-sur-les-frontieres","status":"publish","type":"post","link":"https:\/\/linitiative.ca\/International\/vigilance-sur-les-frontieres\/","title":{"rendered":"Vigilance sur les fronti\u00e8res"},"content":{"rendered":"<p class=\"c2\"><strong>Par Samia HARRAR<\/strong><\/p>\n<p>En lien avec le coronavirus ? Pas seulement. Les deux conjugu\u00e9s sans doute. Car, le souci s\u00e9curitaire, aujourd\u2019hui, doit aller \u00e0 deux vitesses, avec les imp\u00e9ratifs de l\u2019heure. A savoir, les moyens d\u2019endiguer au plus vite, tous risques inh\u00e9rents \u00e0 la propagation \u00e0 grande \u00e9chelle, du Covid-19\u00a0 dans nos murs, en colmatant toutes les br\u00e8ches, par o\u00f9 ce mal pernicieux pourrait entrer par effraction, mais \u00e9galement, la meilleure fa\u00e7on de faire, pour ne pas se retrouver, pour avoir baiss\u00e9 sa garde, parce que sollicit\u00e9 sur un autre front, avec un autre danger, toujours pr\u00e9sent, surtout sur nos fronti\u00e8res limitrophes avec la Libye : celui du terrorisme.<\/p>\n<p>Partant du fait qu\u2019il vaut mieux r\u00e9soudre les probl\u00e8mes un \u00e0 un, pour ne pas \u00eatre d\u00e9bord\u00e9s, le minist\u00e8re de la D\u00e9fense vient de relever, d\u2019un cran, son niveau de vigilance sur les fronti\u00e8res, afin d\u2019\u00e9viter toute intrusion, par essence, hostile, intramuros, histoire de ne pas \u00eatre accul\u00e9 \u00e0 batailler \u00e0 plusieurs niveaux, lorsqu\u2019il incombe, pour l\u2019heure, de ne pas disperser ses troupes.<\/p>\n<p>Toute strat\u00e9gie de d\u00e9fense, implique d\u2019avoir dans son collimateur, tous les axes visibles ou invisibles, d\u2019une menace, qui peut prendre plusieurs visages, mais qu\u2019il ne faut pas perdre de vue, en brassant large, afin de ne pas \u00eatre pris de court, et pouvoir, la pr\u00e9venir d\u2019abord, et s\u2019en pr\u00e9munir ensuite, en ayant, au pr\u00e9alable, \u00e9tabli tous les garde-fous, suffisamment rod\u00e9s pour ne laisser aucune chance au hasard, qui pourrait bien vouloir y apporter son \u00ab grain de sel \u00bb, afin de compliquer la t\u00e2che, au moment de l\u2019offensive. Et il est clair que la situation actuelle du pays, \u00e0 l\u2019instar de tous les pays affect\u00e9s de par le monde, pour ce qui concerne le coronavirus, exige, au niveau mat\u00e9riel et humain, des efforts incommensurables, pour pourvoir mener une bataille, qui n\u2019est pas simple \u00e0 mener. Et c\u2019est bien parce qu\u2019elle n\u2019est pas simple \u00e0 mener, sachant que l\u2019arm\u00e9e, et toutes les forces s\u00e9curitaires du pays, sont sur les dents pour faire respecter le confinement g\u00e9n\u00e9ral, mais \u00e9galement toujours pr\u00e9sents sur les fronti\u00e8res, afin de les s\u00e9curiser, qu\u2019il faut redoubler d\u2019attention, pour ne pas permettre \u00e0 l\u2019ennemi, qui n\u2019a peut-\u00eatre pas peur du coronavirus (ou pas ?), de profiter d\u2019un moment d\u2019inattention, o\u00f9 tous les regards convergent vers un seul objectif \u2013 le Covid-19 en question- pour avancer ses pions.<\/p>\n<p>Auteur: letemps1<br \/>\n<a href=\"http:\/\/www.letemps.com.tn\/article\/112230\/vigilance-sur-les-fronti%C3%A8res\">Cliquez ici pour lire l&rsquo;article depuis sa source.<\/a><\/p>\n","protected":false},"excerpt":{"rendered":"<p>Par Samia HARRAR En lien avec le coronavirus ? Pas seulement. Les deux conjugu\u00e9s sans doute. Car, le souci s\u00e9curitaire, aujourd\u2019hui, doit aller \u00e0 deux vitesses, avec les imp\u00e9ratifs de l\u2019heure. A savoir, les moyens d\u2019endiguer au plus vite, tous risques inh\u00e9rents \u00e0 la propagation \u00e0 grande \u00e9chelle, du Covid-19\u00a0 dans nos murs, en colmatant [&hellip;]<\/p>\n","protected":false},"author":1773,"featured_media":0,"comment_status":"closed","ping_status":"closed","sticky":false,"template":"","format":"standard","meta":{"fifu_image_url":"","fifu_image_alt":"","footnotes":""},"categories":[73,55],"tags":[],"class_list":["post-80440","post","type-post","status-publish","format-standard","hentry","category-actualite","category-tunisie"],"_links":{"self":[{"href":"https:\/\/linitiative.ca\/International\/wp-json\/wp\/v2\/posts\/80440","targetHints":{"allow":["GET"]}}],"collection":[{"href":"https:\/\/linitiative.ca\/International\/wp-json\/wp\/v2\/posts"}],"about":[{"href":"https:\/\/linitiative.ca\/International\/wp-json\/wp\/v2\/types\/post"}],"author":[{"embeddable":true,"href":"https:\/\/linitiative.ca\/International\/wp-json\/wp\/v2\/users\/1773"}],"replies":[{"embeddable":true,"href":"https:\/\/linitiative.ca\/International\/wp-json\/wp\/v2\/comments?post=80440"}],"version-history":[{"count":0,"href":"https:\/\/linitiative.ca\/International\/wp-json\/wp\/v2\/posts\/80440\/revisions"}],"wp:attachment":[{"href":"https:\/\/linitiative.ca\/International\/wp-json\/wp\/v2\/media?parent=80440"}],"wp:term":[{"taxonomy":"category","embeddable":true,"href":"https:\/\/linitiative.ca\/International\/wp-json\/wp\/v2\/categories?post=80440"},{"taxonomy":"post_tag","embeddable":true,"href":"https:\/\/linitiative.ca\/International\/wp-json\/wp\/v2\/tags?post=80440"}],"curies":[{"name":"wp","href":"https:\/\/api.w.org\/{rel}","templated":true}]}}