{"id":80458,"date":"2020-03-28T12:26:00","date_gmt":"2020-03-28T16:26:00","guid":{"rendered":"https:\/\/linitiative.ca\/International\/ain-defla-et-naama-arrestation-de-03-narcotrafiquants-et-saisie-de-plus-de-100-kg-de-kif\/"},"modified":"2020-03-28T12:26:00","modified_gmt":"2020-03-28T16:26:00","slug":"ain-defla-et-naama-arrestation-de-03-narcotrafiquants-et-saisie-de-plus-de-100-kg-de-kif","status":"publish","type":"post","link":"https:\/\/linitiative.ca\/International\/ain-defla-et-naama-arrestation-de-03-narcotrafiquants-et-saisie-de-plus-de-100-kg-de-kif\/","title":{"rendered":"A\u00cfN DEFLA ET NAAMA : Arrestation de 03 narcotrafiquants et saisie de  plus de 100 kg de kif"},"content":{"rendered":"<p><br id=\"sep_para_1\" class=\"sep_para access\"\/><\/p>\n<div id=\"para_1\" class=\"para_36199235 resize\">\n<div class=\"texte access firstletter\">Trois narcotrafiquants ont \u00e9t\u00e9 arr\u00eat\u00e9s et plus de 100 kg de kif trait\u00e9 ont \u00e9t\u00e9 saisis \u00e0 A\u00efn Defla et Na\u00e2ma, lors d&rsquo;une op\u00e9ration men\u00e9e samedi par des d\u00e9tachements de l&rsquo;Arm\u00e9e nationale populaire, en coordination avec des \u00e9l\u00e9ments de la Gendarmerie nationale et les services des Douanes, a indiqu\u00e9 le minist\u00e8re de la D\u00e9fense nationale dans un communiqu\u00e9. \u00ab\u00a0Dans le cadre de la lutte contre la contrebande et la criminalit\u00e9 organis\u00e9e, des d\u00e9tachements de l&rsquo;Arm\u00e9e nationale populaire en coordination avec des \u00e9l\u00e9ments de la Gendarmerie nationale et les services des Douanes ont arr\u00eat\u00e9, le 28 mars 2020 \u00e0 A\u00efn Defla (1\u00e8re\u00a0 R\u00e9gion militaire) et Na\u00e2ma (2\u00e8me\u00a0 R\u00e9gion militaire), trois (3) narcotrafiquants, et saisi 125,5 kilogrammes de kif trait\u00e9\u00a0\u00bb, pr\u00e9cise la m\u00eame source. Dans le m\u00eame contexte, des d\u00e9tachements de l\u2019ANP \u00ab\u00a0ont intercept\u00e9 \u00e0 Tamanrasset (6\u00e8me\u00a0 R\u00e9gion militaire) et \u00e0 Adrar et Tindouf (3\u00e8me\u00a0 R\u00e9gion militaire) 9 personnes et saisi 5 v\u00e9hicules et 2 camions charg\u00e9s de 32 tonnes de denr\u00e9es alimentaires, 1.000 litres de l\u2019huile de table, 10 marteaux piqueurs, 6 groupes \u00e9lectrog\u00e8nes\u00a0\u00bb.\u00a0\u00a0<\/div>\n<\/div>\n<p>Auteur: Ismain<br \/>\n<a href=\"https:\/\/www.reflexiondz.net\/AIN-DEFLA-ET-NAAMA-Arrestation-de-03-narcotrafiquants-et-saisie-de-plus-de-100-kg-de-kif_a61567.html\">Cliquez ici pour lire l&rsquo;article depuis sa source.<\/a><\/p>\n","protected":false},"excerpt":{"rendered":"<p>Trois narcotrafiquants ont \u00e9t\u00e9 arr\u00eat\u00e9s et plus de 100 kg de kif trait\u00e9 ont \u00e9t\u00e9 saisis \u00e0 A\u00efn Defla et Na\u00e2ma, lors d&rsquo;une op\u00e9ration men\u00e9e samedi par des d\u00e9tachements de l&rsquo;Arm\u00e9e nationale populaire, en coordination avec des \u00e9l\u00e9ments de la Gendarmerie nationale et les services des Douanes, a indiqu\u00e9 le minist\u00e8re de la D\u00e9fense nationale [&hellip;]<\/p>\n","protected":false},"author":1740,"featured_media":0,"comment_status":"closed","ping_status":"closed","sticky":false,"template":"","format":"standard","meta":{"fifu_image_url":"","fifu_image_alt":"","footnotes":""},"categories":[53,76],"tags":[],"class_list":["post-80458","post","type-post","status-publish","format-standard","hentry","category-algerie","category-regions"],"_links":{"self":[{"href":"https:\/\/linitiative.ca\/International\/wp-json\/wp\/v2\/posts\/80458","targetHints":{"allow":["GET"]}}],"collection":[{"href":"https:\/\/linitiative.ca\/International\/wp-json\/wp\/v2\/posts"}],"about":[{"href":"https:\/\/linitiative.ca\/International\/wp-json\/wp\/v2\/types\/post"}],"author":[{"embeddable":true,"href":"https:\/\/linitiative.ca\/International\/wp-json\/wp\/v2\/users\/1740"}],"replies":[{"embeddable":true,"href":"https:\/\/linitiative.ca\/International\/wp-json\/wp\/v2\/comments?post=80458"}],"version-history":[{"count":0,"href":"https:\/\/linitiative.ca\/International\/wp-json\/wp\/v2\/posts\/80458\/revisions"}],"wp:attachment":[{"href":"https:\/\/linitiative.ca\/International\/wp-json\/wp\/v2\/media?parent=80458"}],"wp:term":[{"taxonomy":"category","embeddable":true,"href":"https:\/\/linitiative.ca\/International\/wp-json\/wp\/v2\/categories?post=80458"},{"taxonomy":"post_tag","embeddable":true,"href":"https:\/\/linitiative.ca\/International\/wp-json\/wp\/v2\/tags?post=80458"}],"curies":[{"name":"wp","href":"https:\/\/api.w.org\/{rel}","templated":true}]}}