{"id":80459,"date":"2020-03-28T12:26:00","date_gmt":"2020-03-28T16:26:00","guid":{"rendered":"https:\/\/linitiative.ca\/International\/universite-de-tizi-ouzou-lancement-dune-formation-en-depistage-du-covid-19\/"},"modified":"2020-03-28T12:26:00","modified_gmt":"2020-03-28T16:26:00","slug":"universite-de-tizi-ouzou-lancement-dune-formation-en-depistage-du-covid-19","status":"publish","type":"post","link":"https:\/\/linitiative.ca\/International\/universite-de-tizi-ouzou-lancement-dune-formation-en-depistage-du-covid-19\/","title":{"rendered":"UNIVERSITE DE TIZI-OUZOU : Lancement d&rsquo;une formation en  d\u00e9pistage du Covid-19"},"content":{"rendered":"<p><br id=\"sep_para_1\" class=\"sep_para access\"\/><\/p>\n<div id=\"para_1\" class=\"para_36199233 resize\">\n<div class=\"texte access firstletter\">Une formation en d\u00e9pistage du Covid-19 au profit du personnel de l&rsquo;Universit\u00e9 Mouloud Mammeri de Tizi-Ouzou (UMMTO) est lanc\u00e9e par une \u00e9quipe de l&rsquo;Institut Pasteur Alg\u00e9rie (IPA), en vue \u00ab\u00a0d&rsquo;entamer l&rsquo;op\u00e9ration de d\u00e9pistage incessamment\u00a0\u00bb, a-t-on indiqu\u00e9 vendredi aupr\u00e8s de la wilaya. La formation, assur\u00e9e par 2 cadres de l&rsquo;IPA, et qui s&rsquo;\u00e9talera sur quelques jours, a \u00e9t\u00e9 d\u00e9p\u00each\u00e9e par les instances nationales en charge de la lutte contre cette pand\u00e9mie sollicit\u00e9es par les autorit\u00e9s locales pour l\u2019accompagnement du personnel de l&rsquo;UMMTO dans cette t\u00e2che. La facult\u00e9 de m\u00e9decine de l&rsquo;UMMTO dispose d\u2019un \u00e9quipement d\u2019analyse de pr\u00e9l\u00e8vements utilisant la technique de l&rsquo;amplification en cha\u00eene par polym\u00e9risation (ACP), utilis\u00e9e en microbiologie pour le diagnostic des maladies infectieuse, d&rsquo;une capacit\u00e9 d&rsquo;analyse pouvant aller jusqu\u2019\u00e0 90 \u00e9chantillons en 3 heures. Plusieurs tests concluants techniquement ont \u00e9t\u00e9, en outre, effectu\u00e9s la semaine derni\u00e8re sur ces \u00e9quipements acquis par l&rsquo;Universit\u00e9 dans le cadre du programme de lutte contre le VIH (Sida) et install\u00e9s au niveau du d\u00e9partement d&rsquo;immunologie de la facult\u00e9 de m\u00e9decine de l&rsquo;Universit\u00e9. La mise en service de ce laboratoire qui interviendrait d\u00e8s la fin de cette formation, probablement lundi ou mardi, apr\u00e8s celui d&rsquo;Oran et ceux, \u00e9galement, annonc\u00e9s de Constantine et Ouargla, permettra de diminuer la pression sur l&rsquo;IPA qui traite la demande de l&rsquo;ensemble des structures au niveau national. Elle permettra, aussi, d&rsquo;optimiser la capacit\u00e9 d&rsquo;accueil des structures sanitaires locales qui n&rsquo;auront plus \u00e0 garder les patients suspect\u00e9s d&rsquo;infection au Civid-19 jusqu&rsquo;au retour des analyses de l&rsquo;IPA, soit 72 heures.\u00a0\u00a0<\/div>\n<\/div>\n<p>Auteur: Nadine<br \/>\n<a href=\"https:\/\/www.reflexiondz.net\/UNIVERSITE-DE-TIZI-OUZOU-Lancement-d-une-formation-en-depistage-du-Covid-19_a61566.html\">Cliquez ici pour lire l&rsquo;article depuis sa source.<\/a><\/p>\n","protected":false},"excerpt":{"rendered":"<p>Une formation en d\u00e9pistage du Covid-19 au profit du personnel de l&rsquo;Universit\u00e9 Mouloud Mammeri de Tizi-Ouzou (UMMTO) est lanc\u00e9e par une \u00e9quipe de l&rsquo;Institut Pasteur Alg\u00e9rie (IPA), en vue \u00ab\u00a0d&rsquo;entamer l&rsquo;op\u00e9ration de d\u00e9pistage incessamment\u00a0\u00bb, a-t-on indiqu\u00e9 vendredi aupr\u00e8s de la wilaya. La formation, assur\u00e9e par 2 cadres de l&rsquo;IPA, et qui s&rsquo;\u00e9talera sur quelques jours, [&hellip;]<\/p>\n","protected":false},"author":1740,"featured_media":0,"comment_status":"closed","ping_status":"closed","sticky":false,"template":"","format":"standard","meta":{"fifu_image_url":"","fifu_image_alt":"","footnotes":""},"categories":[53,76],"tags":[],"class_list":["post-80459","post","type-post","status-publish","format-standard","hentry","category-algerie","category-regions"],"_links":{"self":[{"href":"https:\/\/linitiative.ca\/International\/wp-json\/wp\/v2\/posts\/80459","targetHints":{"allow":["GET"]}}],"collection":[{"href":"https:\/\/linitiative.ca\/International\/wp-json\/wp\/v2\/posts"}],"about":[{"href":"https:\/\/linitiative.ca\/International\/wp-json\/wp\/v2\/types\/post"}],"author":[{"embeddable":true,"href":"https:\/\/linitiative.ca\/International\/wp-json\/wp\/v2\/users\/1740"}],"replies":[{"embeddable":true,"href":"https:\/\/linitiative.ca\/International\/wp-json\/wp\/v2\/comments?post=80459"}],"version-history":[{"count":0,"href":"https:\/\/linitiative.ca\/International\/wp-json\/wp\/v2\/posts\/80459\/revisions"}],"wp:attachment":[{"href":"https:\/\/linitiative.ca\/International\/wp-json\/wp\/v2\/media?parent=80459"}],"wp:term":[{"taxonomy":"category","embeddable":true,"href":"https:\/\/linitiative.ca\/International\/wp-json\/wp\/v2\/categories?post=80459"},{"taxonomy":"post_tag","embeddable":true,"href":"https:\/\/linitiative.ca\/International\/wp-json\/wp\/v2\/tags?post=80459"}],"curies":[{"name":"wp","href":"https:\/\/api.w.org\/{rel}","templated":true}]}}