{"id":80460,"date":"2020-03-28T12:28:00","date_gmt":"2020-03-28T16:28:00","guid":{"rendered":"https:\/\/linitiative.ca\/International\/le-comedien-ahmed-bouanani-sous-mandat-de-depot\/"},"modified":"2020-03-28T12:28:00","modified_gmt":"2020-03-28T16:28:00","slug":"le-comedien-ahmed-bouanani-sous-mandat-de-depot","status":"publish","type":"post","link":"https:\/\/linitiative.ca\/International\/le-comedien-ahmed-bouanani-sous-mandat-de-depot\/","title":{"rendered":"Le com\u00e9dien Ahmed Bouanani sous mandat de d\u00e9p\u00f4t"},"content":{"rendered":"<p><br id=\"sep_para_1\" class=\"sep_para access\"\/><\/p>\n<div id=\"para_1\" class=\"para_36199258 resize\">\n<div class=\"photo shadow left\"><a href=\"javascript:void(0)\" rel=\"https:\/\/www.reflexiondz.net\/photo\/art\/grande\/44157008-36199258.jpg?v=1585418543&amp;ibox\" title=\"Le com\u00e9dien Ahmed Bouanani sous mandat de d\u00e9p\u00f4t\"><img decoding=\"async\" class=\"responsive c9\" src=\"https:\/\/www.reflexiondz.net\/photo\/art\/grande\/44157008-36199258.jpg?v=1585418543\" alt=\"Le com\u00e9dien Ahmed Bouanani sous mandat de d\u00e9p\u00f4t\" title=\"Le com\u00e9dien Ahmed Bouanani sous mandat de d\u00e9p\u00f4t\"\/><img decoding=\"async\" class=\"not-responsive\" src=\"https:\/\/www.reflexiondz.net\/photo\/art\/default\/44157008-36199258.jpg?v=1585418544\" alt=\"Le com\u00e9dien Ahmed Bouanani sous mandat de d\u00e9p\u00f4t\" title=\"Le com\u00e9dien Ahmed Bouanani sous mandat de d\u00e9p\u00f4t\"\/><\/a><\/div>\n<div class=\"texte access firstletter\">Le com\u00e9dien Ahmed Bouanani, connu sous le nom de \u00ab Errayes \u00bb, a \u00e9t\u00e9 plac\u00e9 en d\u00e9tention provisoire \u00e0 la prison de Bechar. Selon Echorouk News, Ahmed Bouanani a \u00e9t\u00e9 plac\u00e9 sous mandat de d\u00e9p\u00f4t apr\u00e8s avoir comparu devant le juge du Tribunal de B\u00e9char. Il est accus\u00e9 d\u2019 \u00ab usurpation d\u2019identit\u00e9 \u00bb et d\u2019\u00ab outrage \u00e0 corps constitu\u00e9 \u00bb. La raison de cette poursuite judiciaire serait une vid\u00e9o publi\u00e9e sur les r\u00e9seaux sociaux le montrant \u00e0 bord d\u2019un v\u00e9hicule de la gendarmerie nationale avec un talki walki se moquant de l\u2019\u00e9pid\u00e9mie du Coronavirus.<\/div>\n<\/div>\n<p>Auteur: R\u00e9flexion<br \/>\n<a href=\"https:\/\/www.reflexiondz.net\/Le-comedien-Ahmed-Bouanani-sous-mandat-de-depot_a61574.html\">Cliquez ici pour lire l&rsquo;article depuis sa source.<\/a><\/p>\n","protected":false},"excerpt":{"rendered":"<p>Le com\u00e9dien Ahmed Bouanani, connu sous le nom de \u00ab Errayes \u00bb, a \u00e9t\u00e9 plac\u00e9 en d\u00e9tention provisoire \u00e0 la prison de Bechar. Selon Echorouk News, Ahmed Bouanani a \u00e9t\u00e9 plac\u00e9 sous mandat de d\u00e9p\u00f4t apr\u00e8s avoir comparu devant le juge du Tribunal de B\u00e9char. Il est accus\u00e9 d\u2019 \u00ab usurpation d\u2019identit\u00e9 \u00bb et d\u2019\u00ab [&hellip;]<\/p>\n","protected":false},"author":1740,"featured_media":0,"comment_status":"closed","ping_status":"closed","sticky":false,"template":"","format":"standard","meta":{"fifu_image_url":"","fifu_image_alt":"","footnotes":""},"categories":[53,76],"tags":[],"class_list":["post-80460","post","type-post","status-publish","format-standard","hentry","category-algerie","category-regions"],"_links":{"self":[{"href":"https:\/\/linitiative.ca\/International\/wp-json\/wp\/v2\/posts\/80460","targetHints":{"allow":["GET"]}}],"collection":[{"href":"https:\/\/linitiative.ca\/International\/wp-json\/wp\/v2\/posts"}],"about":[{"href":"https:\/\/linitiative.ca\/International\/wp-json\/wp\/v2\/types\/post"}],"author":[{"embeddable":true,"href":"https:\/\/linitiative.ca\/International\/wp-json\/wp\/v2\/users\/1740"}],"replies":[{"embeddable":true,"href":"https:\/\/linitiative.ca\/International\/wp-json\/wp\/v2\/comments?post=80460"}],"version-history":[{"count":0,"href":"https:\/\/linitiative.ca\/International\/wp-json\/wp\/v2\/posts\/80460\/revisions"}],"wp:attachment":[{"href":"https:\/\/linitiative.ca\/International\/wp-json\/wp\/v2\/media?parent=80460"}],"wp:term":[{"taxonomy":"category","embeddable":true,"href":"https:\/\/linitiative.ca\/International\/wp-json\/wp\/v2\/categories?post=80460"},{"taxonomy":"post_tag","embeddable":true,"href":"https:\/\/linitiative.ca\/International\/wp-json\/wp\/v2\/tags?post=80460"}],"curies":[{"name":"wp","href":"https:\/\/api.w.org\/{rel}","templated":true}]}}