{"id":80472,"date":"2020-03-28T05:17:09","date_gmt":"2020-03-28T09:17:09","guid":{"rendered":"https:\/\/linitiative.ca\/International\/coronavirus-voici-un-recapitulatif-des-principales-mesures-fiscales-au-profit-des-entreprises\/"},"modified":"2020-03-28T05:17:09","modified_gmt":"2020-03-28T09:17:09","slug":"coronavirus-voici-un-recapitulatif-des-principales-mesures-fiscales-au-profit-des-entreprises","status":"publish","type":"post","link":"https:\/\/linitiative.ca\/International\/coronavirus-voici-un-recapitulatif-des-principales-mesures-fiscales-au-profit-des-entreprises\/","title":{"rendered":"Coronavirus : Voici un r\u00e9capitulatif des principales mesures fiscales au profit des entreprises"},"content":{"rendered":"<p><strong>Face aux cons\u00e9quences de la pand\u00e9mie du Coronavirus sur l\u2019activit\u00e9 \u00e9conomique du royaume, les autorit\u00e9s ont d\u00e9j\u00e0 pris un certain nombre de mesures visant \u00e0 soulager le tissu productif national.<\/strong><\/p>\n<div class=\"c10\"\/>\n<p>Le Comit\u00e9 de veille \u00e9conomique a, ainsi, d\u00e9j\u00e0 pris, jusqu\u2019\u00e0 pr\u00e9sent, une s\u00e9rie de mesures dans ce sens, dont voici un r\u00e9capitulatif\u00a0propos\u00e9 par la Chambre fran\u00e7aise de commerce et d\u2019industrie au Maroc (CFCIM):<\/p>\n<p><strong>1\/ Les soci\u00e9t\u00e9s peuvent-elles diff\u00e9rer la d\u00e9claration de leur r\u00e9sultat (liasse fiscale) au- del\u00e0 du 31 mars 2020 ?<\/strong><\/p>\n<p>R\u00e9ponse : \u00a0Seules les entreprises dont le chiffre d\u2019affaires HT est inf\u00e9rieur ou \u00e9gal \u00e0 20 millions de dirhams peuvent, si elles le souhaitent, reporter le d\u00e9p\u00f4t de la d\u00e9claration de leur bilan au 30 juin 2020.<\/p>\n<p><strong>2\/ Est-ce que le report concerne toutes les cat\u00e9gories d\u2019imp\u00f4ts ?<\/strong><\/p>\n<p>R\u00e9ponse\u00a0: \u00a0Seul est concern\u00e9 l\u2019imp\u00f4t sur les soci\u00e9t\u00e9s, \u00e0 savoir la r\u00e9gularisation de l\u2019IS 2019, le \u00a0premier acompte 2020 et la cotisation minimale.<\/p>\n<p>Lire aussi: <a href=\"https:\/\/www.challenge.ma\/ce-que-vous-devez-savoir-sur-le-coronavirus-134568\/\">Ce que vous devez savoir sur le coronavirus<\/a><\/p>\n<p><strong>3\/ Qu\u2019en est-il de la TVA, l\u2019IR et les droits de timbre ?<\/strong><\/p>\n<p>R\u00e9ponse\u00a0: \uf020Ces imp\u00f4ts ainsi que leur d\u00e9claration doivent \u00eatre effectu\u00e9s et pay\u00e9s dans les d\u00e9lais l\u00e9gaux et ne b\u00e9n\u00e9ficient d\u2019aucun report.<\/p>\n<p><strong>4\/ Qu\u2019en est-il des soci\u00e9t\u00e9s dont le chiffre d\u2019affaires est sup\u00e9rieur \u00e0 20 millions de dirhams sachant que pour des raisons d\u2019organisation, elles peuvent \u00eatre dans l\u2019impossibilit\u00e9 d\u2019arr\u00eater leurs comptes dans de bonnes conditions ?<\/strong><\/p>\n<p>\u00a0R\u00e9ponse\u00a0: \u00a0\u00abNous avons compris dans l\u2019h\u00e9sitation de la DGI \u00e0 communiquer sur ce point que le budget de l\u2019\u00c9tat n\u2019\u00e9tait pas en mesure de supporter le diff\u00e9r\u00e9 de tous les imp\u00f4ts, puisque c\u2019est sa seule source pour assurer le bon fonctionnement et la continuit\u00e9 des administrations et des collectivit\u00e9s, notamment les h\u00f4pitaux et les forces de l\u2019ordre. Par cons\u00e9quent, ces soci\u00e9t\u00e9s qui contribuent de mani\u00e8re pr\u00e9pond\u00e9rante \u00e0 ce budget doivent d\u00e9poser leurs d\u00e9clarations avant le 31 mars 2020 et payer les imp\u00f4ts aff\u00e9rents\u00a0\u00bb.<\/p>\n<p>Lire aussi: <a href=\"https:\/\/www.challenge.ma\/le-gouvernement-prolonge-la-suspension-de-la-perception-des-droits-dimportation-applicables-au-ble-tendre-et-ses-derives-134735\/\">Le gouvernement prolonge la suspension de la perception des droits d\u2019importation applicables au bl\u00e9 tendre et ses d\u00e9riv\u00e9s<\/a><\/p>\n<p><strong>5\/ Des salari\u00e9s, notamment ceux disposant de hauts revenus, souhaitent contribuer au fonds de solidarit\u00e9 Covid-19. Peuvent-ils dans ce cas d\u00e9duire cette contribution de leur salaire avant calcul de l\u2019imp\u00f4t sur le revenu ?<\/strong><\/p>\n<p>R\u00e9ponse\u00a0:\uf020Cette disposition ne concerne que les entreprises. Les salari\u00e9s peuvent contribuer au fonds de solidarit\u00e9 directement en cr\u00e9ditant le compte bancaire ouvert \u00e0 cet effet.<\/p>\n<p><strong>6\/ Le communiqu\u00e9 du Comit\u00e9 de Veille \u00c9conomique (CVE) a suspendu les Avis \u00e0 Tiers D\u00e9tenteurs (ATD). Est-ce que les ATD ant\u00e9rieurs \u00e0 la date du 18 mars 2020 et qui sont plac\u00e9s par les banques sur un compte provisoire seront \u00e9galement suspendus ?<\/strong><\/p>\n<p>R\u00e9ponse: Seuls les ATD dont l\u2019ex\u00e9cution \u00e9tait programm\u00e9e \u00e0 partir du 18 mars 2020 sont concern\u00e9s par la suspension jusqu\u2019au 30 juin 2020.<\/p>\n<p><strong>7\/ Le communiqu\u00e9 du Comit\u00e9 de Veille \u00c9conomique (CVE) a annonc\u00e9 la suspension des contr\u00f4les fiscaux. Quelles en sont les modalit\u00e9s ?<\/strong><\/p>\n<p>R\u00e9ponse: Seuls les contr\u00f4les fiscaux qui \u00e9taient programm\u00e9s \u00e0 partir du 18 mars 2020 sont concern\u00e9s par la suspension jusqu\u2019au 30 juin 2020.<\/p>\n<p><strong>8\/ Est-ce que les d\u00e9lais pr\u00e9vus pour les amnisties fiscales seront repouss\u00e9s ?<\/strong><\/p>\n<p>R\u00e9ponse:\u00a0 A l\u2019heure actuelle, les d\u00e9lais pr\u00e9vus par les textes publi\u00e9s restent en vigueur pour les amnisties fiscales.<\/p>\n<p><strong>9\/ Les demandes de remboursement de TVA qui doivent \u00eatre d\u00e9pos\u00e9es avant le 31 mars 2020 peuvent-elles \u00eatre report\u00e9es au 30 juin 2020, sachant qu\u2019il est actuellement difficile de r\u00e9unir les factures et documents pour constituer les dossiers ?<\/strong><\/p>\n<p>R\u00e9ponse:Les contribuables sont tenus de d\u00e9poser les dossiers de remboursement avant fin mars 2020. Il leur sera possible de compl\u00e9ter au besoin leurs dossiers apr\u00e8s la sortie de crise.<\/p>\n<p><strong>10\/ Est-ce que l\u2019\u00e9mission des avis de taxe professionnelle et des taxes d\u2019habitation et services communaux sera report\u00e9e ?<\/strong><\/p>\n<p>R\u00e9ponse:\uf020A date d\u2019aujourd\u2019hui, le report de l\u2019\u00e9mission des avis de ces taxes n\u2019est pas pr\u00e9vu.<\/p>\n<p><strong>11\/ Pour all\u00e9ger la t\u00e2che des services comptables, est-ce que les soci\u00e9t\u00e9s de prestations de services ne sont pas tenues de d\u00e9poser l\u2019\u00e9tat d\u00e9taill\u00e9 des ventes ?<\/strong><\/p>\n<p>R\u00e9ponse\u00a0:\u00a0 Une note circulaire \u00e9manant de la DGI a confirm\u00e9 que les soci\u00e9t\u00e9s de prestation de services n\u2019\u00e9taient pas tenues de produire l\u2019\u00e9tat d\u00e9taill\u00e9 des ventes avec le bilan \u00e0 d\u00e9poser au 31 mars 2020.<\/p>\n<div class=\"c17\">\n<fieldset class=\"c16\">\n<legend><strong><span class=\"c11\">Challenge<\/span><span class=\"c12\">news<\/span><\/strong><\/legend>\n<div class=\"c15\">Le meilleur de Challenge s\u00e9lectionn\u00e9 par la r\u00e9daction :<\/p>\n<\/div>\n<\/fieldset>\n<\/div>\n<p>Auteur: challenge<br \/>\n<a href=\"https:\/\/www.challenge.ma\/coronavirus-voici-un-recapitulatif-des-principales-mesures-fiscales-au-profit-des-entreprises-134768\/\">Cliquez ici pour lire l&rsquo;article depuis sa source.<\/a><\/p>\n","protected":false},"excerpt":{"rendered":"<p>Face aux cons\u00e9quences de la pand\u00e9mie du Coronavirus sur l\u2019activit\u00e9 \u00e9conomique du royaume, les autorit\u00e9s ont d\u00e9j\u00e0 pris un certain nombre de mesures visant \u00e0 soulager le tissu productif national. Le Comit\u00e9 de veille \u00e9conomique a, ainsi, d\u00e9j\u00e0 pris, jusqu\u2019\u00e0 pr\u00e9sent, une s\u00e9rie de mesures dans ce sens, dont voici un r\u00e9capitulatif\u00a0propos\u00e9 par la Chambre [&hellip;]<\/p>\n","protected":false},"author":1787,"featured_media":0,"comment_status":"closed","ping_status":"closed","sticky":false,"template":"","format":"standard","meta":{"fifu_image_url":"","fifu_image_alt":"","footnotes":""},"categories":[78,54],"tags":[],"class_list":["post-80472","post","type-post","status-publish","format-standard","hentry","category-economie","category-maroc"],"_links":{"self":[{"href":"https:\/\/linitiative.ca\/International\/wp-json\/wp\/v2\/posts\/80472","targetHints":{"allow":["GET"]}}],"collection":[{"href":"https:\/\/linitiative.ca\/International\/wp-json\/wp\/v2\/posts"}],"about":[{"href":"https:\/\/linitiative.ca\/International\/wp-json\/wp\/v2\/types\/post"}],"author":[{"embeddable":true,"href":"https:\/\/linitiative.ca\/International\/wp-json\/wp\/v2\/users\/1787"}],"replies":[{"embeddable":true,"href":"https:\/\/linitiative.ca\/International\/wp-json\/wp\/v2\/comments?post=80472"}],"version-history":[{"count":0,"href":"https:\/\/linitiative.ca\/International\/wp-json\/wp\/v2\/posts\/80472\/revisions"}],"wp:attachment":[{"href":"https:\/\/linitiative.ca\/International\/wp-json\/wp\/v2\/media?parent=80472"}],"wp:term":[{"taxonomy":"category","embeddable":true,"href":"https:\/\/linitiative.ca\/International\/wp-json\/wp\/v2\/categories?post=80472"},{"taxonomy":"post_tag","embeddable":true,"href":"https:\/\/linitiative.ca\/International\/wp-json\/wp\/v2\/tags?post=80472"}],"curies":[{"name":"wp","href":"https:\/\/api.w.org\/{rel}","templated":true}]}}