{"id":80473,"date":"2020-03-28T05:52:49","date_gmt":"2020-03-28T09:52:49","guid":{"rendered":"https:\/\/linitiative.ca\/International\/coronavirus-le-comite-de-veille-economique-a-la-rescousse-des-menages-vulnerables\/"},"modified":"2020-03-28T05:52:49","modified_gmt":"2020-03-28T09:52:49","slug":"coronavirus-le-comite-de-veille-economique-a-la-rescousse-des-menages-vulnerables","status":"publish","type":"post","link":"https:\/\/linitiative.ca\/International\/coronavirus-le-comite-de-veille-economique-a-la-rescousse-des-menages-vulnerables\/","title":{"rendered":"Coronavirus : Le Comit\u00e9 de veille \u00e9conomique \u00e0 la rescousse des m\u00e9nages vuln\u00e9rables"},"content":{"rendered":"<p><strong>Apr\u00e8s les entreprises, le Comit\u00e9 de veille \u00e9conomique se penche sur les couches les plus vuln\u00e9rables de la soci\u00e9t\u00e9 marocaine, en l\u2019occurrence les m\u00e9nages op\u00e9rant dans le secteur informel, et qui sont tr\u00e8s impact\u00e9s par le Coronavirus.<\/strong><\/p>\n<div class=\"c10\"\/>\n<p>\u00a0Les autorit\u00e9s indiquent ainsi que lors de sa r\u00e9union du 23 mars 2020, le CVE s\u2019est focalis\u00e9 sur un certain nombre de mesures d\u2019accompagnement en faveur du secteur informel, directement impact\u00e9 par le confinement obligatoire. Ainsi, il a \u00e9t\u00e9 d\u00e9cid\u00e9 de traiter ce dossier en deux phases\u00a0dont voici les d\u00e9tails :<\/p>\n<p><strong>Premi\u00e8re phase<\/strong>\u00a0: les m\u00e9nages Ramedistes op\u00e9rant dans l\u2019informel qui n\u2019ont plus de revenus du fait du confinement obligatoire, peuvent b\u00e9n\u00e9ficier d\u2019une aide de subsistance qui sera servie par le fonds Coronavirus, cr\u00e9\u00e9 par Sa Majest\u00e9 le Roi, d\u00e9termin\u00e9 comme suit\u00a0:<\/p>\n<ul>\n<li>800 dirhams pour les m\u00e9nages de deux personnes ou moins\u00a0;<\/li>\n<li>1000 dirhams pour les m\u00e9nages form\u00e9s de trois \u00e0 quatre personnes\u00a0;<\/li>\n<li>1200 dirhams pour les m\u00e9nages de plus de quatre personnes.<\/li>\n<\/ul>\n<p>Le chef de m\u00e9nage Ramediste devra envoyer son num\u00e9ro de carte RAMED par SMS, \u00e0 partir de son t\u00e9l\u00e9phone portable, au num\u00e9ro court suivant <strong>1212<\/strong>.<\/p>\n<p>De m\u00eame, les cartes Ramed qui seront accept\u00e9s sont celles qui \u00e9taient valides au 31 D\u00e9cembre 2019. Notons que ces d\u00e9clarations peuvent se faire \u00e0 partir de lundi 30 mars 2020.<\/p>\n<p>La distribution des aides financi\u00e8res se fera progressivement \u00e0 compter du lundi 6 avril afin de respecter les mesures pr\u00e9ventives dict\u00e9es par la pand\u00e9mie.<\/p>\n<p>Le num\u00e9ro <strong>1212<\/strong> peut \u00e9galement \u00eatre appel\u00e9 pour apporter l\u2019assistance aux m\u00e9nages et r\u00e9pondre \u00e0 leurs r\u00e9clamations \u00e9ventuelles.<\/p>\n<p>En cette p\u00e9riode de solidarit\u00e9, et de grande mobilisation, toute d\u00e9claration volontairement non fond\u00e9e est passible de poursuites judiciaires.<\/p>\n<p><strong>Deuxi\u00e8me phase\u00a0:<\/strong> Pour les non-ramedistes, op\u00e9rant dans l\u2019informel qui ont perdu leurs revenus \u00e0 cause du confinement, les m\u00eames montants des aides leur seront accord\u00e9s.<\/p>\n<p>Le lancement d\u2019une plateforme \u00e9lectronique d\u00e9di\u00e9e au d\u00e9p\u00f4t des d\u00e9clarations sera annonc\u00e9 incessamment.<\/p>\n<div class=\"c17\">\n<fieldset class=\"c16\">\n<legend><strong><span class=\"c11\">Challenge<\/span><span class=\"c12\">news<\/span><\/strong><\/legend>\n<div class=\"c15\">Le meilleur de Challenge s\u00e9lectionn\u00e9 par la r\u00e9daction :<\/p>\n<\/div>\n<\/fieldset>\n<\/div>\n<p>Auteur: challenge<br \/>\n<a href=\"https:\/\/www.challenge.ma\/coronavirus-le-comite-de-veille-economique-a-la-rescousse-des-menages-vulnerables-134773\/\">Cliquez ici pour lire l&rsquo;article depuis sa source.<\/a><\/p>\n","protected":false},"excerpt":{"rendered":"<p>Apr\u00e8s les entreprises, le Comit\u00e9 de veille \u00e9conomique se penche sur les couches les plus vuln\u00e9rables de la soci\u00e9t\u00e9 marocaine, en l\u2019occurrence les m\u00e9nages op\u00e9rant dans le secteur informel, et qui sont tr\u00e8s impact\u00e9s par le Coronavirus. \u00a0Les autorit\u00e9s indiquent ainsi que lors de sa r\u00e9union du 23 mars 2020, le CVE s\u2019est focalis\u00e9 sur [&hellip;]<\/p>\n","protected":false},"author":1787,"featured_media":0,"comment_status":"closed","ping_status":"closed","sticky":false,"template":"","format":"standard","meta":{"fifu_image_url":"","fifu_image_alt":"","footnotes":""},"categories":[78,54],"tags":[],"class_list":["post-80473","post","type-post","status-publish","format-standard","hentry","category-economie","category-maroc"],"_links":{"self":[{"href":"https:\/\/linitiative.ca\/International\/wp-json\/wp\/v2\/posts\/80473","targetHints":{"allow":["GET"]}}],"collection":[{"href":"https:\/\/linitiative.ca\/International\/wp-json\/wp\/v2\/posts"}],"about":[{"href":"https:\/\/linitiative.ca\/International\/wp-json\/wp\/v2\/types\/post"}],"author":[{"embeddable":true,"href":"https:\/\/linitiative.ca\/International\/wp-json\/wp\/v2\/users\/1787"}],"replies":[{"embeddable":true,"href":"https:\/\/linitiative.ca\/International\/wp-json\/wp\/v2\/comments?post=80473"}],"version-history":[{"count":0,"href":"https:\/\/linitiative.ca\/International\/wp-json\/wp\/v2\/posts\/80473\/revisions"}],"wp:attachment":[{"href":"https:\/\/linitiative.ca\/International\/wp-json\/wp\/v2\/media?parent=80473"}],"wp:term":[{"taxonomy":"category","embeddable":true,"href":"https:\/\/linitiative.ca\/International\/wp-json\/wp\/v2\/categories?post=80473"},{"taxonomy":"post_tag","embeddable":true,"href":"https:\/\/linitiative.ca\/International\/wp-json\/wp\/v2\/tags?post=80473"}],"curies":[{"name":"wp","href":"https:\/\/api.w.org\/{rel}","templated":true}]}}