{"id":80475,"date":"2020-03-28T09:50:06","date_gmt":"2020-03-28T13:50:06","guid":{"rendered":"https:\/\/linitiative.ca\/International\/coronavirus-penser-global-agir-local\/"},"modified":"2020-03-28T09:50:06","modified_gmt":"2020-03-28T13:50:06","slug":"coronavirus-penser-global-agir-local","status":"publish","type":"post","link":"https:\/\/linitiative.ca\/International\/coronavirus-penser-global-agir-local\/","title":{"rendered":"Coronavirus: Penser global, agir local"},"content":{"rendered":"<p><strong>La cellule de veille prend des mesures en faveur des plus d\u00e9munis.<\/strong><\/p>\n<div class=\"c10\"\/>\n<p>La cellule de veille met les derniers points aux <strong>mesures d\u2019aide<\/strong> aux plus d\u00e9munis. Il s\u2019agit de ceux qui survivent au jour le jour, y compris les petits boulots comme les gar\u00e7ons de caf\u00e9, les \u00ab gommeurs \u00bb du hammam, les cireurs, les vendeurs ambulants etc\u2026 C\u2019est urgent, mais il faut assurer la logistique et ce n\u2019est pas une mince affaire, on l\u2019a constat\u00e9 pour la d\u00e9livrance des autorisations et les contr\u00f4les. D\u2019un autre c\u00f4t\u00e9, on a act\u00e9 le soutien par le report des charges fiscales et sociales des <strong>TPME<\/strong> et les banques ont promis une plus grande souplesse dans leurs cr\u00e9dits de tr\u00e9sorerie.<\/p>\n<p>Lire aussi: <a href=\"https:\/\/www.challenge.ma\/coronavirus-mesures-en-faveur-des-salaries-et-des-entreprises-133172\/\">Coronavirus : mesures en faveur des salari\u00e9s et des entreprises<\/a><\/p>\n<p>Mais les grandes entreprises sont appel\u00e9es \u00e0 mettre la main \u00e0 la p\u00e2te, plut\u00f4t au portefeuille. Elles repr\u00e9sentent, en tant que clients, l\u2019un des goulots d\u2019\u00e9tranglement des TPME qui sont leurs <strong>fournisseurs<\/strong>. Non seulement, elles doivent respecter les d\u00e9lais de paiement, mais elles doivent les r\u00e9duire pour \u00e9viter l\u2019asphyxie de leurs petits fournisseurs. Aucun gestionnaire avis\u00e9 n\u2019a int\u00e9r\u00eat \u00e0 ce que la mortalit\u00e9 des entreprises augmente dans son <strong>\u00e9cosyst\u00e8me<\/strong>. D\u2019un point de vue purement \u00e9go\u00efste, c\u2019est un pari tr\u00e8s risqu\u00e9 \u00e0 terme.<\/p>\n<p>De l\u2019autre c\u00f4t\u00e9, la responsabilit\u00e9 \u00e9conomique et sociale engage chacun, \u00e0 faire au mieux, pour sauvegarder l\u2019emploi. A la fin de la <strong>crise<\/strong>, si le ch\u00f4mage augmente trop fortement, la chute, l\u2019affaissement de la demande int\u00e9rieure compliquera la relance et toute l\u2019\u00e9conomie en p\u00e2tira. Pour \u00e9viter cette perspective, sauver des entreprises et donc des emplois, c\u2019est-\u00e0-dire des revenus de familles, il faut soutenir les TPME, en ne gardant aucune facture en souffrance. C\u2019est un devoir de <strong>solidarit\u00e9<\/strong> nationale mais aussi une preuve de lucidit\u00e9.<\/p>\n<div class=\"c17\">\n<fieldset class=\"c16\">\n<legend><strong><span class=\"c11\">Challenge<\/span><span class=\"c12\">news<\/span><\/strong><\/legend>\n<div class=\"c15\">Le meilleur de Challenge s\u00e9lectionn\u00e9 par la r\u00e9daction :<\/p>\n<\/div>\n<\/fieldset>\n<\/div>\n<p>Auteur: Jamal Berraoui<br \/>\n<a href=\"https:\/\/www.challenge.ma\/coronavirus-penser-global-agir-local-133956\/\">Cliquez ici pour lire l&rsquo;article depuis sa source.<\/a><\/p>\n","protected":false},"excerpt":{"rendered":"<p>La cellule de veille prend des mesures en faveur des plus d\u00e9munis. La cellule de veille met les derniers points aux mesures d\u2019aide aux plus d\u00e9munis. Il s\u2019agit de ceux qui survivent au jour le jour, y compris les petits boulots comme les gar\u00e7ons de caf\u00e9, les \u00ab gommeurs \u00bb du hammam, les cireurs, les [&hellip;]<\/p>\n","protected":false},"author":1787,"featured_media":0,"comment_status":"closed","ping_status":"closed","sticky":false,"template":"","format":"standard","meta":{"fifu_image_url":"","fifu_image_alt":"","footnotes":""},"categories":[78,54],"tags":[],"class_list":["post-80475","post","type-post","status-publish","format-standard","hentry","category-economie","category-maroc"],"_links":{"self":[{"href":"https:\/\/linitiative.ca\/International\/wp-json\/wp\/v2\/posts\/80475","targetHints":{"allow":["GET"]}}],"collection":[{"href":"https:\/\/linitiative.ca\/International\/wp-json\/wp\/v2\/posts"}],"about":[{"href":"https:\/\/linitiative.ca\/International\/wp-json\/wp\/v2\/types\/post"}],"author":[{"embeddable":true,"href":"https:\/\/linitiative.ca\/International\/wp-json\/wp\/v2\/users\/1787"}],"replies":[{"embeddable":true,"href":"https:\/\/linitiative.ca\/International\/wp-json\/wp\/v2\/comments?post=80475"}],"version-history":[{"count":0,"href":"https:\/\/linitiative.ca\/International\/wp-json\/wp\/v2\/posts\/80475\/revisions"}],"wp:attachment":[{"href":"https:\/\/linitiative.ca\/International\/wp-json\/wp\/v2\/media?parent=80475"}],"wp:term":[{"taxonomy":"category","embeddable":true,"href":"https:\/\/linitiative.ca\/International\/wp-json\/wp\/v2\/categories?post=80475"},{"taxonomy":"post_tag","embeddable":true,"href":"https:\/\/linitiative.ca\/International\/wp-json\/wp\/v2\/tags?post=80475"}],"curies":[{"name":"wp","href":"https:\/\/api.w.org\/{rel}","templated":true}]}}